
{"id":8596,"date":"2026-04-29T20:47:47","date_gmt":"2026-04-29T18:47:47","guid":{"rendered":"https:\/\/svfvolleyball.de\/?p=8596"},"modified":"2026-04-29T20:48:56","modified_gmt":"2026-04-29T18:48:56","slug":"vlw-pokalfinale-kommt-nach-fellbach-vier-mannschaften-zwei-spiele-ein-pokal-am-9-mai-in-der-gaeuaecker1-sporthalle","status":"publish","type":"post","link":"https:\/\/svfvolleyball.de\/index.php\/2026\/04\/29\/vlw-pokalfinale-kommt-nach-fellbach-vier-mannschaften-zwei-spiele-ein-pokal-am-9-mai-in-der-gaeuaecker1-sporthalle\/","title":{"rendered":"VLW-Pokalfinale kommt nach Fellbach         **Vier Mannschaften, zwei Spiele, ein Pokal \u2013 am 9. Mai in der G\u00e4u\u00e4cker1-Sporthalle**"},"content":{"rendered":"\n<p><strong>\ud83d\udcc5 Samstag, 9. Mai 2026 | \ud83d\udccd G1-Sporthalle, Fellbach | \ud83d\udd50 Beginn: 14:30 Uhr | \ud83c\udf9f\ufe0f Eintritt frei (Spendenkasse<\/strong>)<\/p>\n\n\n\n<p>Am 9. Mai 2026 wird Fellbach zum Mittelpunkt des w\u00fcrttembergischen Volleyballs: Der SV Fellbach richtet das Pokalfinale des Volleyball-Landesverbands W\u00fcrttemberg (VLW) in der G1-Sporthalle aus. Vier Mannschaften k\u00e4mpfen in zwei packenden Spielen um den begehrten Pokal.<br><br>F\u00fcr den SV Fellbach ist die Ausrichtung des VLW-Pokalfinales eine besondere Ehre und eine Anerkennung der engagierten Vereinsarbeit. Die G1-Sporthalle in Fellbach bietet den perfekten Rahmen f\u00fcr dieses Highlight der w\u00fcrttembergischen Volleyball-Saison.<br><br>## Die Spiele im \u00dcberblick<br><br>**Spiel 1 \u2013 Frauen: Barock Volleys MTV Ludwigsburg vs. TSV Georgii Allianz Stuttgart** beide Mannschaften spielen in der 3. Liga.<br>Anpfiff: 14:30 Uhr \u00b7 G\u00e4u\u00e4ckersporthalle 1<br><br>**Spiel 2 \u2013 Herren: Rottenburg vs. T\u00fcbingen**  2. Bundesliga vs. Regionalliga<br>Im Anschluss an Spiel 1    Anpfiff: 17 Uhr G\u00e4u\u00e4ckersporthalle 1<br><\/p>\n\n\n\n<p>Den Anfang machen die Frauen: Ludwigsburg und Ali treffen um 14:30 Uhr aufeinander. Direkt im Anschluss folgt das Herren-Finale zwischen Rottenburg und T\u00fcbingen. Die Herren-Mannschaften spielen sich vorab in der G\u00e4u\u00e4cker2-Sporthalle ein, um den \u00dcbergang zwischen den Spielen m\u00f6glichst kurz zu halten.<br>## Gemeinsame Siegerehrung als H\u00f6hepunkt<br>Den kr\u00f6nenden Abschluss des Finaltags bildet die gemeinsame Siegerehrung beider Spiele. Nach dem Herren-Finale werden sowohl die Frauen- als auch die Herren-Mannschaften geehrt \u2013 mit Pokalen, Medaillen, Urkunden und einer MVP-Auszeichnung f\u00fcr die wertvollste Spielerin und den wertvollsten Spieler des jeweiligen Finals.<br>## Livestream f\u00fcr alle, die nicht dabei sein k\u00f6nnen<br><br>Wer es nicht pers\u00f6nlich in die Halle schafft, kann beide Spiele bequem von zu Hause aus verfolgen. Der SV Fellbach \u00fcbertr\u00e4gt das gesamte Pokalfinale live auf Twitch:<br>\ud83d\udc49 https:\/\/m.twitch.tv\/svfvolleyball\/home<br><br><br>## Alle Infos auf einen Blick<br><br>&#8211; Wann: Samstag, 9. Mai 2026, ab 14:30 Uhr<br>&#8211; Wo: G1-Sporthalle, Fellbach<br>&#8211; Eintritt: Frei \u2013 wir freuen uns \u00fcber Spenden an der Kasse<br>&#8211; Verpflegung: Getr\u00e4nke und Essen an der Theke<br>&#8211; Livestream: https:\/\/m.twitch.tv\/svfvolleyball\/home<br><br>## Kommt vorbei und unterst\u00fctzt den Volleyball!<br>Ein Pokalfinale lebt von der Atmosph\u00e4re in der Halle. Je mehr Zuschauer kommen und die Mannschaften anfeuern, desto besser wird die Stimmung. Egal ob eingefleischter Volleyball-Fan oder Neuling \u2013 jeder ist herzlich willkommen. Bringt eure Freunde, Familien und Nachbarn mit und macht den 9. Mai zu einem unvergesslichen Volleyballtag in Fellbach!<br><br>&#8212;<br><br><strong>\ud83c\udfd0 Wir sehen uns am 9. Mai!<br>G1-Sporthalle Fellbach \u00b7 Einlass ab 12:00 Uhr \u00b7 Anpfiff 14:30 Uhr<br>Livestream: https:\/\/m.twitch.tv\/svfvolleyball\/home<\/strong><br><\/p>\n","protected":false},"excerpt":{"rendered":"<p>\ud83d\udcc5 Samstag, 9. Mai 2026 | \ud83d\udccd G1-Sporthalle, Fellbach | \ud83d\udd50 Beginn: 14:30 Uhr | \ud83c\udf9f\ufe0f Eintritt frei (Spendenkasse) Am 9. Mai 2026 wird Fellbach zum Mittelpunkt des w\u00fcrttembergischen Volleyballs: Der SV Fellbach richtet das Pokalfinale des Volleyball-Landesverbands W\u00fcrttemberg (VLW) in der G1-Sporthalle aus. Vier Mannschaften k\u00e4mpfen in zwei packenden Spielen um den begehrten Pokal. [&hellip;]<\/p>\n","protected":false},"author":6,"featured_media":0,"comment_status":"closed","ping_status":"open","sticky":false,"template":"","format":"standard","meta":{"inline_featured_image":false,"footnotes":""},"categories":[1],"tags":[],"class_list":["post-8596","post","type-post","status-publish","format-standard","hentry","category-allgemein"],"yoast_head":"<!-- This site is optimized with the Yoast SEO plugin v26.1.1 - https:\/\/yoast.com\/wordpress\/plugins\/seo\/ -->\n<title>VLW-Pokalfinale kommt nach Fellbach     **Vier Mannschaften, zwei Spiele, ein Pokal \u2013 am 9. Mai in der G\u00e4u\u00e4cker1-Sporthalle** - SVF Volleyball<\/title>\n<meta name=\"robots\" content=\"index, follow, max-snippet:-1, max-image-preview:large, max-video-preview:-1\" \/>\n<link rel=\"canonical\" href=\"https:\/\/svfvolleyball.de\/index.php\/2026\/04\/29\/vlw-pokalfinale-kommt-nach-fellbach-vier-mannschaften-zwei-spiele-ein-pokal-am-9-mai-in-der-gaeuaecker1-sporthalle\/\" \/>\n<meta name=\"twitter:label1\" content=\"Verfasst von\" \/>\n\t<meta name=\"twitter:data1\" content=\"Werner Hofmann\" \/>\n\t<meta name=\"twitter:label2\" content=\"Gesch\u00e4tzte Lesezeit\" \/>\n\t<meta name=\"twitter:data2\" content=\"2\u00a0Minuten\" \/>\n<script type=\"application\/ld+json\" class=\"yoast-schema-graph\">{\"@context\":\"https:\/\/schema.org\",\"@graph\":[{\"@type\":\"Article\",\"@id\":\"https:\/\/svfvolleyball.de\/index.php\/2026\/04\/29\/vlw-pokalfinale-kommt-nach-fellbach-vier-mannschaften-zwei-spiele-ein-pokal-am-9-mai-in-der-gaeuaecker1-sporthalle\/#article\",\"isPartOf\":{\"@id\":\"https:\/\/svfvolleyball.de\/index.php\/2026\/04\/29\/vlw-pokalfinale-kommt-nach-fellbach-vier-mannschaften-zwei-spiele-ein-pokal-am-9-mai-in-der-gaeuaecker1-sporthalle\/\"},\"author\":{\"name\":\"Werner Hofmann\",\"@id\":\"https:\/\/svfvolleyball.de\/#\/schema\/person\/f29518a892b1579fe0c32e7f0e5f1394\"},\"headline\":\"VLW-Pokalfinale kommt nach Fellbach **Vier Mannschaften, zwei Spiele, ein Pokal \u2013 am 9. Mai in der G\u00e4u\u00e4cker1-Sporthalle**\",\"datePublished\":\"2026-04-29T18:47:47+00:00\",\"dateModified\":\"2026-04-29T18:48:56+00:00\",\"mainEntityOfPage\":{\"@id\":\"https:\/\/svfvolleyball.de\/index.php\/2026\/04\/29\/vlw-pokalfinale-kommt-nach-fellbach-vier-mannschaften-zwei-spiele-ein-pokal-am-9-mai-in-der-gaeuaecker1-sporthalle\/\"},\"wordCount\":400,\"publisher\":{\"@id\":\"https:\/\/svfvolleyball.de\/#organization\"},\"inLanguage\":\"de\"},{\"@type\":\"WebPage\",\"@id\":\"https:\/\/svfvolleyball.de\/index.php\/2026\/04\/29\/vlw-pokalfinale-kommt-nach-fellbach-vier-mannschaften-zwei-spiele-ein-pokal-am-9-mai-in-der-gaeuaecker1-sporthalle\/\",\"url\":\"https:\/\/svfvolleyball.de\/index.php\/2026\/04\/29\/vlw-pokalfinale-kommt-nach-fellbach-vier-mannschaften-zwei-spiele-ein-pokal-am-9-mai-in-der-gaeuaecker1-sporthalle\/\",\"name\":\"VLW-Pokalfinale kommt nach Fellbach **Vier Mannschaften, zwei Spiele, ein Pokal \u2013 am 9. Mai in der G\u00e4u\u00e4cker1-Sporthalle** - SVF Volleyball\",\"isPartOf\":{\"@id\":\"https:\/\/svfvolleyball.de\/#website\"},\"datePublished\":\"2026-04-29T18:47:47+00:00\",\"dateModified\":\"2026-04-29T18:48:56+00:00\",\"breadcrumb\":{\"@id\":\"https:\/\/svfvolleyball.de\/index.php\/2026\/04\/29\/vlw-pokalfinale-kommt-nach-fellbach-vier-mannschaften-zwei-spiele-ein-pokal-am-9-mai-in-der-gaeuaecker1-sporthalle\/#breadcrumb\"},\"inLanguage\":\"de\",\"potentialAction\":[{\"@type\":\"ReadAction\",\"target\":[\"https:\/\/svfvolleyball.de\/index.php\/2026\/04\/29\/vlw-pokalfinale-kommt-nach-fellbach-vier-mannschaften-zwei-spiele-ein-pokal-am-9-mai-in-der-gaeuaecker1-sporthalle\/\"]}]},{\"@type\":\"BreadcrumbList\",\"@id\":\"https:\/\/svfvolleyball.de\/index.php\/2026\/04\/29\/vlw-pokalfinale-kommt-nach-fellbach-vier-mannschaften-zwei-spiele-ein-pokal-am-9-mai-in-der-gaeuaecker1-sporthalle\/#breadcrumb\",\"itemListElement\":[{\"@type\":\"ListItem\",\"position\":1,\"name\":\"Startseite\",\"item\":\"https:\/\/svfvolleyball.de\/\"},{\"@type\":\"ListItem\",\"position\":2,\"name\":\"VLW-Pokalfinale kommt nach Fellbach **Vier Mannschaften, zwei Spiele, ein Pokal \u2013 am 9. Mai in der G\u00e4u\u00e4cker1-Sporthalle**\"}]},{\"@type\":\"WebSite\",\"@id\":\"https:\/\/svfvolleyball.de\/#website\",\"url\":\"https:\/\/svfvolleyball.de\/\",\"name\":\"SVF Volleyball\",\"description\":\"Volleyball Regionalliga in Fellbach!\",\"publisher\":{\"@id\":\"https:\/\/svfvolleyball.de\/#organization\"},\"potentialAction\":[{\"@type\":\"SearchAction\",\"target\":{\"@type\":\"EntryPoint\",\"urlTemplate\":\"https:\/\/svfvolleyball.de\/?s={search_term_string}\"},\"query-input\":{\"@type\":\"PropertyValueSpecification\",\"valueRequired\":true,\"valueName\":\"search_term_string\"}}],\"inLanguage\":\"de\"},{\"@type\":\"Organization\",\"@id\":\"https:\/\/svfvolleyball.de\/#organization\",\"name\":\"SV Fellbach Volleyball\",\"url\":\"https:\/\/svfvolleyball.de\/\",\"logo\":{\"@type\":\"ImageObject\",\"inLanguage\":\"de\",\"@id\":\"https:\/\/svfvolleyball.de\/#\/schema\/logo\/image\/\",\"url\":\"https:\/\/svfvolleyball.de\/wp-content\/uploads\/2021\/07\/SVFV_RotesRudel.jpg\",\"contentUrl\":\"https:\/\/svfvolleyball.de\/wp-content\/uploads\/2021\/07\/SVFV_RotesRudel.jpg\",\"width\":1200,\"height\":1564,\"caption\":\"SV Fellbach Volleyball\"},\"image\":{\"@id\":\"https:\/\/svfvolleyball.de\/#\/schema\/logo\/image\/\"}},{\"@type\":\"Person\",\"@id\":\"https:\/\/svfvolleyball.de\/#\/schema\/person\/f29518a892b1579fe0c32e7f0e5f1394\",\"name\":\"Werner Hofmann\",\"image\":{\"@type\":\"ImageObject\",\"inLanguage\":\"de\",\"@id\":\"https:\/\/svfvolleyball.de\/#\/schema\/person\/image\/\",\"url\":\"https:\/\/secure.gravatar.com\/avatar\/fa7d6c333324c59e0b9fe983c02164b2?s=96&d=mm&r=g\",\"contentUrl\":\"https:\/\/secure.gravatar.com\/avatar\/fa7d6c333324c59e0b9fe983c02164b2?s=96&d=mm&r=g\",\"caption\":\"Werner Hofmann\"},\"url\":\"https:\/\/svfvolleyball.de\/index.php\/author\/svfhofmann\/\"}]}<\/script>\n<!-- \/ Yoast SEO plugin. -->","yoast_head_json":{"title":"VLW-Pokalfinale kommt nach Fellbach     **Vier Mannschaften, zwei Spiele, ein Pokal \u2013 am 9. Mai in der G\u00e4u\u00e4cker1-Sporthalle** - SVF Volleyball","robots":{"index":"index","follow":"follow","max-snippet":"max-snippet:-1","max-image-preview":"max-image-preview:large","max-video-preview":"max-video-preview:-1"},"canonical":"https:\/\/svfvolleyball.de\/index.php\/2026\/04\/29\/vlw-pokalfinale-kommt-nach-fellbach-vier-mannschaften-zwei-spiele-ein-pokal-am-9-mai-in-der-gaeuaecker1-sporthalle\/","twitter_misc":{"Verfasst von":"Werner Hofmann","Gesch\u00e4tzte Lesezeit":"2\u00a0Minuten"},"schema":{"@context":"https:\/\/schema.org","@graph":[{"@type":"Article","@id":"https:\/\/svfvolleyball.de\/index.php\/2026\/04\/29\/vlw-pokalfinale-kommt-nach-fellbach-vier-mannschaften-zwei-spiele-ein-pokal-am-9-mai-in-der-gaeuaecker1-sporthalle\/#article","isPartOf":{"@id":"https:\/\/svfvolleyball.de\/index.php\/2026\/04\/29\/vlw-pokalfinale-kommt-nach-fellbach-vier-mannschaften-zwei-spiele-ein-pokal-am-9-mai-in-der-gaeuaecker1-sporthalle\/"},"author":{"name":"Werner Hofmann","@id":"https:\/\/svfvolleyball.de\/#\/schema\/person\/f29518a892b1579fe0c32e7f0e5f1394"},"headline":"VLW-Pokalfinale kommt nach Fellbach **Vier Mannschaften, zwei Spiele, ein Pokal \u2013 am 9. Mai in der G\u00e4u\u00e4cker1-Sporthalle**","datePublished":"2026-04-29T18:47:47+00:00","dateModified":"2026-04-29T18:48:56+00:00","mainEntityOfPage":{"@id":"https:\/\/svfvolleyball.de\/index.php\/2026\/04\/29\/vlw-pokalfinale-kommt-nach-fellbach-vier-mannschaften-zwei-spiele-ein-pokal-am-9-mai-in-der-gaeuaecker1-sporthalle\/"},"wordCount":400,"publisher":{"@id":"https:\/\/svfvolleyball.de\/#organization"},"inLanguage":"de"},{"@type":"WebPage","@id":"https:\/\/svfvolleyball.de\/index.php\/2026\/04\/29\/vlw-pokalfinale-kommt-nach-fellbach-vier-mannschaften-zwei-spiele-ein-pokal-am-9-mai-in-der-gaeuaecker1-sporthalle\/","url":"https:\/\/svfvolleyball.de\/index.php\/2026\/04\/29\/vlw-pokalfinale-kommt-nach-fellbach-vier-mannschaften-zwei-spiele-ein-pokal-am-9-mai-in-der-gaeuaecker1-sporthalle\/","name":"VLW-Pokalfinale kommt nach Fellbach **Vier Mannschaften, zwei Spiele, ein Pokal \u2013 am 9. Mai in der G\u00e4u\u00e4cker1-Sporthalle** - SVF Volleyball","isPartOf":{"@id":"https:\/\/svfvolleyball.de\/#website"},"datePublished":"2026-04-29T18:47:47+00:00","dateModified":"2026-04-29T18:48:56+00:00","breadcrumb":{"@id":"https:\/\/svfvolleyball.de\/index.php\/2026\/04\/29\/vlw-pokalfinale-kommt-nach-fellbach-vier-mannschaften-zwei-spiele-ein-pokal-am-9-mai-in-der-gaeuaecker1-sporthalle\/#breadcrumb"},"inLanguage":"de","potentialAction":[{"@type":"ReadAction","target":["https:\/\/svfvolleyball.de\/index.php\/2026\/04\/29\/vlw-pokalfinale-kommt-nach-fellbach-vier-mannschaften-zwei-spiele-ein-pokal-am-9-mai-in-der-gaeuaecker1-sporthalle\/"]}]},{"@type":"BreadcrumbList","@id":"https:\/\/svfvolleyball.de\/index.php\/2026\/04\/29\/vlw-pokalfinale-kommt-nach-fellbach-vier-mannschaften-zwei-spiele-ein-pokal-am-9-mai-in-der-gaeuaecker1-sporthalle\/#breadcrumb","itemListElement":[{"@type":"ListItem","position":1,"name":"Startseite","item":"https:\/\/svfvolleyball.de\/"},{"@type":"ListItem","position":2,"name":"VLW-Pokalfinale kommt nach Fellbach **Vier Mannschaften, zwei Spiele, ein Pokal \u2013 am 9. Mai in der G\u00e4u\u00e4cker1-Sporthalle**"}]},{"@type":"WebSite","@id":"https:\/\/svfvolleyball.de\/#website","url":"https:\/\/svfvolleyball.de\/","name":"SVF Volleyball","description":"Volleyball Regionalliga in Fellbach!","publisher":{"@id":"https:\/\/svfvolleyball.de\/#organization"},"potentialAction":[{"@type":"SearchAction","target":{"@type":"EntryPoint","urlTemplate":"https:\/\/svfvolleyball.de\/?s={search_term_string}"},"query-input":{"@type":"PropertyValueSpecification","valueRequired":true,"valueName":"search_term_string"}}],"inLanguage":"de"},{"@type":"Organization","@id":"https:\/\/svfvolleyball.de\/#organization","name":"SV Fellbach Volleyball","url":"https:\/\/svfvolleyball.de\/","logo":{"@type":"ImageObject","inLanguage":"de","@id":"https:\/\/svfvolleyball.de\/#\/schema\/logo\/image\/","url":"https:\/\/svfvolleyball.de\/wp-content\/uploads\/2021\/07\/SVFV_RotesRudel.jpg","contentUrl":"https:\/\/svfvolleyball.de\/wp-content\/uploads\/2021\/07\/SVFV_RotesRudel.jpg","width":1200,"height":1564,"caption":"SV Fellbach Volleyball"},"image":{"@id":"https:\/\/svfvolleyball.de\/#\/schema\/logo\/image\/"}},{"@type":"Person","@id":"https:\/\/svfvolleyball.de\/#\/schema\/person\/f29518a892b1579fe0c32e7f0e5f1394","name":"Werner Hofmann","image":{"@type":"ImageObject","inLanguage":"de","@id":"https:\/\/svfvolleyball.de\/#\/schema\/person\/image\/","url":"https:\/\/secure.gravatar.com\/avatar\/fa7d6c333324c59e0b9fe983c02164b2?s=96&d=mm&r=g","contentUrl":"https:\/\/secure.gravatar.com\/avatar\/fa7d6c333324c59e0b9fe983c02164b2?s=96&d=mm&r=g","caption":"Werner Hofmann"},"url":"https:\/\/svfvolleyball.de\/index.php\/author\/svfhofmann\/"}]}},"_links":{"self":[{"href":"https:\/\/svfvolleyball.de\/index.php\/wp-json\/wp\/v2\/posts\/8596","targetHints":{"allow":["GET"]}}],"collection":[{"href":"https:\/\/svfvolleyball.de\/index.php\/wp-json\/wp\/v2\/posts"}],"about":[{"href":"https:\/\/svfvolleyball.de\/index.php\/wp-json\/wp\/v2\/types\/post"}],"author":[{"embeddable":true,"href":"https:\/\/svfvolleyball.de\/index.php\/wp-json\/wp\/v2\/users\/6"}],"replies":[{"embeddable":true,"href":"https:\/\/svfvolleyball.de\/index.php\/wp-json\/wp\/v2\/comments?post=8596"}],"version-history":[{"count":5,"href":"https:\/\/svfvolleyball.de\/index.php\/wp-json\/wp\/v2\/posts\/8596\/revisions"}],"predecessor-version":[{"id":8601,"href":"https:\/\/svfvolleyball.de\/index.php\/wp-json\/wp\/v2\/posts\/8596\/revisions\/8601"}],"wp:attachment":[{"href":"https:\/\/svfvolleyball.de\/index.php\/wp-json\/wp\/v2\/media?parent=8596"}],"wp:term":[{"taxonomy":"category","embeddable":true,"href":"https:\/\/svfvolleyball.de\/index.php\/wp-json\/wp\/v2\/categories?post=8596"},{"taxonomy":"post_tag","embeddable":true,"href":"https:\/\/svfvolleyball.de\/index.php\/wp-json\/wp\/v2\/tags?post=8596"}],"curies":[{"name":"wp","href":"https:\/\/api.w.org\/{rel}","templated":true}]}}