
{"id":8572,"date":"2026-03-17T07:54:09","date_gmt":"2026-03-17T06:54:09","guid":{"rendered":"https:\/\/svfvolleyball.de\/?p=8572"},"modified":"2026-03-17T07:56:04","modified_gmt":"2026-03-17T06:56:04","slug":"dezimierter-sv-fellbach-verkauft-sich-teuer-in-ravensburg","status":"publish","type":"post","link":"https:\/\/svfvolleyball.de\/index.php\/2026\/03\/17\/dezimierter-sv-fellbach-verkauft-sich-teuer-in-ravensburg\/","title":{"rendered":"Dezimierter SV Fellbach verkauft sich teuer in Ravensburg"},"content":{"rendered":"\n<p>Mit einem stark verkleinerten Kader ist der SV Fellbach zum Ausw\u00e4rtsspiel beim TSB Ravensburg angereist \u2013 und zeigte trotz schwieriger Voraussetzungen eine bemerkenswerte Leistung. Am Ende mussten sich die Fellbacher jedoch knapp mit 2:3 geschlagen geben.<\/p>\n\n\n\n<p>Von Beginn an trat Fellbach konzentriert auf und dominierte den ersten Satz klar. Auch im dritten Durchgang bewies das Team seine Klasse und ging erneut in F\u00fchrung. Mit zunehmender Spieldauer machte sich jedoch die d\u00fcnne Personaldecke bemerkbar: Die Wechselm\u00f6glichkeiten waren begrenzt, w\u00e4hrend Ravensburg frische Impulse von der Bank bringen konnte.<\/p>\n\n\n\n<p>Dennoch k\u00e4mpften die G\u00e4ste bis zum Schluss verbissen um jeden Punkt. Im Tiebreak hielt Fellbach lange dagegen, musste sich aber in der entscheidenden Phase knapp geschlagen geben.<\/p>\n\n\n\n<p>Da der Tabellenplatz f\u00fcr den SV Fellbach bereits feststand \u2013 weder nach oben noch nach unten waren Ver\u00e4nderungen m\u00f6glich \u2013 lag der Fokus auf Einsatz und Teamgeist. Und genau diesen bewies die Mannschaft eindrucksvoll.<\/p>\n\n\n\n<p>Besonders bemerkenswert: Mit <strong>Kian Heissenberger (16)<\/strong> stand der j\u00fcngste Spieler der Partie auf dem Feld \u2013 ein starkes Signal f\u00fcr die Zukunft. Dahinter folgt mit <strong>Sky Kraft (18)<\/strong> ein weiterer sehr junger Akteur. Insgesamt zeigte sich, dass Fellbach auf einen talentierten Nachwuchs bauen kann, was trotz der Niederlage Hoffnung f\u00fcr die kommenden Spielzeiten macht.<\/p>\n\n\n\n<p>An der Seitenlinie wurde das Team von Thomas Kraft betreut, der Trainer Alexander Vosterman van Ojen vertrat und unter den schwierigen Bedingungen das Maximum aus seiner Mannschaft herausholte.<\/p>\n\n\n\n<p>F\u00fcr den SV Fellbach spielten: <strong>Max Katter, Sky Kraft, Ruben Saez Espinosa, Ilias Thei\u00df, Michael Schneidt, Joachim Hesse, Moritz Kaisser, Kian Heissenberger, Santiago Bruckner<\/strong>.<\/p>\n\n\n\n<p>Werner Hofmann   SV Fellbach<\/p>\n","protected":false},"excerpt":{"rendered":"<p>Mit einem stark verkleinerten Kader ist der SV Fellbach zum Ausw\u00e4rtsspiel beim TSB Ravensburg angereist \u2013 und zeigte trotz schwieriger Voraussetzungen eine bemerkenswerte Leistung. Am Ende mussten sich die Fellbacher jedoch knapp mit 2:3 geschlagen geben. Von Beginn an trat Fellbach konzentriert auf und dominierte den ersten Satz klar. Auch im dritten Durchgang bewies das [&hellip;]<\/p>\n","protected":false},"author":6,"featured_media":0,"comment_status":"closed","ping_status":"open","sticky":false,"template":"","format":"standard","meta":{"inline_featured_image":false,"footnotes":""},"categories":[1],"tags":[],"class_list":["post-8572","post","type-post","status-publish","format-standard","hentry","category-allgemein"],"yoast_head":"<!-- This site is optimized with the Yoast SEO plugin v26.1.1 - https:\/\/yoast.com\/wordpress\/plugins\/seo\/ -->\n<title>Dezimierter SV Fellbach verkauft sich teuer in Ravensburg - SVF Volleyball<\/title>\n<meta name=\"robots\" content=\"index, follow, max-snippet:-1, max-image-preview:large, max-video-preview:-1\" \/>\n<link rel=\"canonical\" href=\"https:\/\/svfvolleyball.de\/index.php\/2026\/03\/17\/dezimierter-sv-fellbach-verkauft-sich-teuer-in-ravensburg\/\" \/>\n<meta name=\"twitter:label1\" content=\"Verfasst von\" \/>\n\t<meta name=\"twitter:data1\" content=\"Werner Hofmann\" \/>\n\t<meta name=\"twitter:label2\" content=\"Gesch\u00e4tzte Lesezeit\" \/>\n\t<meta name=\"twitter:data2\" content=\"1\u00a0Minute\" \/>\n<script type=\"application\/ld+json\" class=\"yoast-schema-graph\">{\"@context\":\"https:\/\/schema.org\",\"@graph\":[{\"@type\":\"Article\",\"@id\":\"https:\/\/svfvolleyball.de\/index.php\/2026\/03\/17\/dezimierter-sv-fellbach-verkauft-sich-teuer-in-ravensburg\/#article\",\"isPartOf\":{\"@id\":\"https:\/\/svfvolleyball.de\/index.php\/2026\/03\/17\/dezimierter-sv-fellbach-verkauft-sich-teuer-in-ravensburg\/\"},\"author\":{\"name\":\"Werner Hofmann\",\"@id\":\"https:\/\/svfvolleyball.de\/#\/schema\/person\/f29518a892b1579fe0c32e7f0e5f1394\"},\"headline\":\"Dezimierter SV Fellbach verkauft sich teuer in Ravensburg\",\"datePublished\":\"2026-03-17T06:54:09+00:00\",\"dateModified\":\"2026-03-17T06:56:04+00:00\",\"mainEntityOfPage\":{\"@id\":\"https:\/\/svfvolleyball.de\/index.php\/2026\/03\/17\/dezimierter-sv-fellbach-verkauft-sich-teuer-in-ravensburg\/\"},\"wordCount\":272,\"publisher\":{\"@id\":\"https:\/\/svfvolleyball.de\/#organization\"},\"inLanguage\":\"de\"},{\"@type\":\"WebPage\",\"@id\":\"https:\/\/svfvolleyball.de\/index.php\/2026\/03\/17\/dezimierter-sv-fellbach-verkauft-sich-teuer-in-ravensburg\/\",\"url\":\"https:\/\/svfvolleyball.de\/index.php\/2026\/03\/17\/dezimierter-sv-fellbach-verkauft-sich-teuer-in-ravensburg\/\",\"name\":\"Dezimierter SV Fellbach verkauft sich teuer in Ravensburg - SVF Volleyball\",\"isPartOf\":{\"@id\":\"https:\/\/svfvolleyball.de\/#website\"},\"datePublished\":\"2026-03-17T06:54:09+00:00\",\"dateModified\":\"2026-03-17T06:56:04+00:00\",\"breadcrumb\":{\"@id\":\"https:\/\/svfvolleyball.de\/index.php\/2026\/03\/17\/dezimierter-sv-fellbach-verkauft-sich-teuer-in-ravensburg\/#breadcrumb\"},\"inLanguage\":\"de\",\"potentialAction\":[{\"@type\":\"ReadAction\",\"target\":[\"https:\/\/svfvolleyball.de\/index.php\/2026\/03\/17\/dezimierter-sv-fellbach-verkauft-sich-teuer-in-ravensburg\/\"]}]},{\"@type\":\"BreadcrumbList\",\"@id\":\"https:\/\/svfvolleyball.de\/index.php\/2026\/03\/17\/dezimierter-sv-fellbach-verkauft-sich-teuer-in-ravensburg\/#breadcrumb\",\"itemListElement\":[{\"@type\":\"ListItem\",\"position\":1,\"name\":\"Startseite\",\"item\":\"https:\/\/svfvolleyball.de\/\"},{\"@type\":\"ListItem\",\"position\":2,\"name\":\"Dezimierter SV Fellbach verkauft sich teuer in Ravensburg\"}]},{\"@type\":\"WebSite\",\"@id\":\"https:\/\/svfvolleyball.de\/#website\",\"url\":\"https:\/\/svfvolleyball.de\/\",\"name\":\"SVF Volleyball\",\"description\":\"Volleyball Regionalliga in Fellbach!\",\"publisher\":{\"@id\":\"https:\/\/svfvolleyball.de\/#organization\"},\"potentialAction\":[{\"@type\":\"SearchAction\",\"target\":{\"@type\":\"EntryPoint\",\"urlTemplate\":\"https:\/\/svfvolleyball.de\/?s={search_term_string}\"},\"query-input\":{\"@type\":\"PropertyValueSpecification\",\"valueRequired\":true,\"valueName\":\"search_term_string\"}}],\"inLanguage\":\"de\"},{\"@type\":\"Organization\",\"@id\":\"https:\/\/svfvolleyball.de\/#organization\",\"name\":\"SV Fellbach Volleyball\",\"url\":\"https:\/\/svfvolleyball.de\/\",\"logo\":{\"@type\":\"ImageObject\",\"inLanguage\":\"de\",\"@id\":\"https:\/\/svfvolleyball.de\/#\/schema\/logo\/image\/\",\"url\":\"https:\/\/svfvolleyball.de\/wp-content\/uploads\/2021\/07\/SVFV_RotesRudel.jpg\",\"contentUrl\":\"https:\/\/svfvolleyball.de\/wp-content\/uploads\/2021\/07\/SVFV_RotesRudel.jpg\",\"width\":1200,\"height\":1564,\"caption\":\"SV Fellbach Volleyball\"},\"image\":{\"@id\":\"https:\/\/svfvolleyball.de\/#\/schema\/logo\/image\/\"}},{\"@type\":\"Person\",\"@id\":\"https:\/\/svfvolleyball.de\/#\/schema\/person\/f29518a892b1579fe0c32e7f0e5f1394\",\"name\":\"Werner Hofmann\",\"image\":{\"@type\":\"ImageObject\",\"inLanguage\":\"de\",\"@id\":\"https:\/\/svfvolleyball.de\/#\/schema\/person\/image\/\",\"url\":\"https:\/\/secure.gravatar.com\/avatar\/fa7d6c333324c59e0b9fe983c02164b2?s=96&d=mm&r=g\",\"contentUrl\":\"https:\/\/secure.gravatar.com\/avatar\/fa7d6c333324c59e0b9fe983c02164b2?s=96&d=mm&r=g\",\"caption\":\"Werner Hofmann\"},\"url\":\"https:\/\/svfvolleyball.de\/index.php\/author\/svfhofmann\/\"}]}<\/script>\n<!-- \/ Yoast SEO plugin. -->","yoast_head_json":{"title":"Dezimierter SV Fellbach verkauft sich teuer in Ravensburg - SVF Volleyball","robots":{"index":"index","follow":"follow","max-snippet":"max-snippet:-1","max-image-preview":"max-image-preview:large","max-video-preview":"max-video-preview:-1"},"canonical":"https:\/\/svfvolleyball.de\/index.php\/2026\/03\/17\/dezimierter-sv-fellbach-verkauft-sich-teuer-in-ravensburg\/","twitter_misc":{"Verfasst von":"Werner Hofmann","Gesch\u00e4tzte Lesezeit":"1\u00a0Minute"},"schema":{"@context":"https:\/\/schema.org","@graph":[{"@type":"Article","@id":"https:\/\/svfvolleyball.de\/index.php\/2026\/03\/17\/dezimierter-sv-fellbach-verkauft-sich-teuer-in-ravensburg\/#article","isPartOf":{"@id":"https:\/\/svfvolleyball.de\/index.php\/2026\/03\/17\/dezimierter-sv-fellbach-verkauft-sich-teuer-in-ravensburg\/"},"author":{"name":"Werner Hofmann","@id":"https:\/\/svfvolleyball.de\/#\/schema\/person\/f29518a892b1579fe0c32e7f0e5f1394"},"headline":"Dezimierter SV Fellbach verkauft sich teuer in Ravensburg","datePublished":"2026-03-17T06:54:09+00:00","dateModified":"2026-03-17T06:56:04+00:00","mainEntityOfPage":{"@id":"https:\/\/svfvolleyball.de\/index.php\/2026\/03\/17\/dezimierter-sv-fellbach-verkauft-sich-teuer-in-ravensburg\/"},"wordCount":272,"publisher":{"@id":"https:\/\/svfvolleyball.de\/#organization"},"inLanguage":"de"},{"@type":"WebPage","@id":"https:\/\/svfvolleyball.de\/index.php\/2026\/03\/17\/dezimierter-sv-fellbach-verkauft-sich-teuer-in-ravensburg\/","url":"https:\/\/svfvolleyball.de\/index.php\/2026\/03\/17\/dezimierter-sv-fellbach-verkauft-sich-teuer-in-ravensburg\/","name":"Dezimierter SV Fellbach verkauft sich teuer in Ravensburg - SVF Volleyball","isPartOf":{"@id":"https:\/\/svfvolleyball.de\/#website"},"datePublished":"2026-03-17T06:54:09+00:00","dateModified":"2026-03-17T06:56:04+00:00","breadcrumb":{"@id":"https:\/\/svfvolleyball.de\/index.php\/2026\/03\/17\/dezimierter-sv-fellbach-verkauft-sich-teuer-in-ravensburg\/#breadcrumb"},"inLanguage":"de","potentialAction":[{"@type":"ReadAction","target":["https:\/\/svfvolleyball.de\/index.php\/2026\/03\/17\/dezimierter-sv-fellbach-verkauft-sich-teuer-in-ravensburg\/"]}]},{"@type":"BreadcrumbList","@id":"https:\/\/svfvolleyball.de\/index.php\/2026\/03\/17\/dezimierter-sv-fellbach-verkauft-sich-teuer-in-ravensburg\/#breadcrumb","itemListElement":[{"@type":"ListItem","position":1,"name":"Startseite","item":"https:\/\/svfvolleyball.de\/"},{"@type":"ListItem","position":2,"name":"Dezimierter SV Fellbach verkauft sich teuer in Ravensburg"}]},{"@type":"WebSite","@id":"https:\/\/svfvolleyball.de\/#website","url":"https:\/\/svfvolleyball.de\/","name":"SVF Volleyball","description":"Volleyball Regionalliga in Fellbach!","publisher":{"@id":"https:\/\/svfvolleyball.de\/#organization"},"potentialAction":[{"@type":"SearchAction","target":{"@type":"EntryPoint","urlTemplate":"https:\/\/svfvolleyball.de\/?s={search_term_string}"},"query-input":{"@type":"PropertyValueSpecification","valueRequired":true,"valueName":"search_term_string"}}],"inLanguage":"de"},{"@type":"Organization","@id":"https:\/\/svfvolleyball.de\/#organization","name":"SV Fellbach Volleyball","url":"https:\/\/svfvolleyball.de\/","logo":{"@type":"ImageObject","inLanguage":"de","@id":"https:\/\/svfvolleyball.de\/#\/schema\/logo\/image\/","url":"https:\/\/svfvolleyball.de\/wp-content\/uploads\/2021\/07\/SVFV_RotesRudel.jpg","contentUrl":"https:\/\/svfvolleyball.de\/wp-content\/uploads\/2021\/07\/SVFV_RotesRudel.jpg","width":1200,"height":1564,"caption":"SV Fellbach Volleyball"},"image":{"@id":"https:\/\/svfvolleyball.de\/#\/schema\/logo\/image\/"}},{"@type":"Person","@id":"https:\/\/svfvolleyball.de\/#\/schema\/person\/f29518a892b1579fe0c32e7f0e5f1394","name":"Werner Hofmann","image":{"@type":"ImageObject","inLanguage":"de","@id":"https:\/\/svfvolleyball.de\/#\/schema\/person\/image\/","url":"https:\/\/secure.gravatar.com\/avatar\/fa7d6c333324c59e0b9fe983c02164b2?s=96&d=mm&r=g","contentUrl":"https:\/\/secure.gravatar.com\/avatar\/fa7d6c333324c59e0b9fe983c02164b2?s=96&d=mm&r=g","caption":"Werner Hofmann"},"url":"https:\/\/svfvolleyball.de\/index.php\/author\/svfhofmann\/"}]}},"_links":{"self":[{"href":"https:\/\/svfvolleyball.de\/index.php\/wp-json\/wp\/v2\/posts\/8572","targetHints":{"allow":["GET"]}}],"collection":[{"href":"https:\/\/svfvolleyball.de\/index.php\/wp-json\/wp\/v2\/posts"}],"about":[{"href":"https:\/\/svfvolleyball.de\/index.php\/wp-json\/wp\/v2\/types\/post"}],"author":[{"embeddable":true,"href":"https:\/\/svfvolleyball.de\/index.php\/wp-json\/wp\/v2\/users\/6"}],"replies":[{"embeddable":true,"href":"https:\/\/svfvolleyball.de\/index.php\/wp-json\/wp\/v2\/comments?post=8572"}],"version-history":[{"count":4,"href":"https:\/\/svfvolleyball.de\/index.php\/wp-json\/wp\/v2\/posts\/8572\/revisions"}],"predecessor-version":[{"id":8576,"href":"https:\/\/svfvolleyball.de\/index.php\/wp-json\/wp\/v2\/posts\/8572\/revisions\/8576"}],"wp:attachment":[{"href":"https:\/\/svfvolleyball.de\/index.php\/wp-json\/wp\/v2\/media?parent=8572"}],"wp:term":[{"taxonomy":"category","embeddable":true,"href":"https:\/\/svfvolleyball.de\/index.php\/wp-json\/wp\/v2\/categories?post=8572"},{"taxonomy":"post_tag","embeddable":true,"href":"https:\/\/svfvolleyball.de\/index.php\/wp-json\/wp\/v2\/tags?post=8572"}],"curies":[{"name":"wp","href":"https:\/\/api.w.org\/{rel}","templated":true}]}}