
{"id":8565,"date":"2026-03-10T08:02:10","date_gmt":"2026-03-10T07:02:10","guid":{"rendered":"https:\/\/svfvolleyball.de\/?p=8565"},"modified":"2026-03-10T08:07:51","modified_gmt":"2026-03-10T07:07:51","slug":"fellbacher-volleyballerinnen-verlieren-knapp-trainerduo-verabschiedet-sich-zum-saisonende","status":"publish","type":"post","link":"https:\/\/svfvolleyball.de\/index.php\/2026\/03\/10\/fellbacher-volleyballerinnen-verlieren-knapp-trainerduo-verabschiedet-sich-zum-saisonende\/","title":{"rendered":"Fellbacher Volleyballerinnen verlieren knapp \u2013 Trainerduo verabschiedet sich zum Saisonende"},"content":{"rendered":"\n<p>Jonas Hanenberg und Peter Koch h\u00f6ren nach Saisonende auf.<\/p>\n\n\n\n<p>F\u00fcr die Volleyballerinnen des SV Fellbach bleibt die Situation in der Regionalliga schwierig. Auch im Heimspiel gegen die VSG Kleinsteinbach gelang kein Erfolg: Die Mannschaft musste sich mit 1:3 geschlagen geben und wartet damit weiterhin auf einen Sieg.<\/p>\n\n\n\n<p>Die Begegnung war jedoch deutlich enger, als das Ergebnis vermuten l\u00e4sst. Mehrere S\u00e4tze wurden erst in der Schlussphase entschieden, drei davon sogar erst in der Verl\u00e4ngerung. Kleinsteinbach behielt dabei zweimal mit 26:24 die Oberhand, w\u00e4hrend ein weiterer Satz mit 25:22 an die G\u00e4ste ging. Insgesamt begegneten sich beide Teams \u00fcber weite Strecken auf gleichem Niveau.<\/p>\n\n\n\n<p>Aus Sicht der Fellbacherinnen entschieden letztlich Kleinigkeiten \u00fcber Sieg und Niederlage. Vor allem in der Annahme und beim Service fehlte in entscheidenden Momenten die n\u00f6tige Stabilit\u00e4t, wodurch wichtige Punkte an die G\u00e4ste gingen.<\/p>\n\n\n\n<p>Eine starke Leistung zeigte Lena G\u00fcnther, die von der gegnerischen Mannschaft zur wertvollsten Spielerin auf Fellbacher Seite gew\u00e4hlt wurde. Auch Angreiferin Anna Metzger \u00fcberzeugte mit vielen erfolgreichen Aktionen im Angriff.<\/p>\n\n\n\n<p>In der laufenden Saison stehen f\u00fcr den SV Fellbach noch zwei Spiele an. Zun\u00e4chst geht es ausw\u00e4rts zur VSG Ettlingen\/R\u00fcppurr, anschlie\u00dfend empf\u00e4ngt das Team zum Abschluss den TV Rottenburg.<\/p>\n\n\n\n<p>Die letzten Begegnungen der Spielzeit haben auch f\u00fcr das Trainerteam eine besondere Bedeutung. Cheftrainer Jonas Hanenberg und sein Assistent Peter Koch werden ihre T\u00e4tigkeit nach Saisonende beenden. Nach zwei Jahren an der Seitenlinie sind beide der Ansicht, dass ein Wechsel an der Trainerposition dem Team guttun k\u00f6nnte. Gleichzeitig wollen sie selbst eine Pause vom Traineralltag einlegen. F\u00fcr den SV Fellbach ein schwerer Verlust, da sie die Mannschaft in den zwei Jahren zu einer Mannschaft geformt haben, die jede Mannschaft schlagen kann und sich im vorderen Tabellendrittel etabliert hat.<\/p>\n\n\n\n<p><strong>Aufgebot SV Fellbach:<\/strong> Kraft, Javanshad, Ella Rohde, St\u00fcckelmaier, Schlotfeld, Metzger, Eisele, K\u00f6ssinger, G\u00fcnther, Wegenast, Ahmann, Machura.<\/p>\n\n\n\n<p>Werner Hofmann   SV Fellbach<\/p>\n\n\n\n<p><\/p>\n","protected":false},"excerpt":{"rendered":"<p>Jonas Hanenberg und Peter Koch h\u00f6ren nach Saisonende auf. F\u00fcr die Volleyballerinnen des SV Fellbach bleibt die Situation in der Regionalliga schwierig. Auch im Heimspiel gegen die VSG Kleinsteinbach gelang kein Erfolg: Die Mannschaft musste sich mit 1:3 geschlagen geben und wartet damit weiterhin auf einen Sieg. Die Begegnung war jedoch deutlich enger, als das [&hellip;]<\/p>\n","protected":false},"author":6,"featured_media":0,"comment_status":"closed","ping_status":"open","sticky":false,"template":"","format":"standard","meta":{"inline_featured_image":false,"footnotes":""},"categories":[1],"tags":[],"class_list":["post-8565","post","type-post","status-publish","format-standard","hentry","category-allgemein"],"yoast_head":"<!-- This site is optimized with the Yoast SEO plugin v26.1.1 - https:\/\/yoast.com\/wordpress\/plugins\/seo\/ -->\n<title>Fellbacher Volleyballerinnen verlieren knapp \u2013 Trainerduo verabschiedet sich zum Saisonende - SVF Volleyball<\/title>\n<meta name=\"robots\" content=\"index, follow, max-snippet:-1, max-image-preview:large, max-video-preview:-1\" \/>\n<link rel=\"canonical\" href=\"https:\/\/svfvolleyball.de\/index.php\/2026\/03\/10\/fellbacher-volleyballerinnen-verlieren-knapp-trainerduo-verabschiedet-sich-zum-saisonende\/\" \/>\n<meta name=\"twitter:label1\" content=\"Verfasst von\" \/>\n\t<meta name=\"twitter:data1\" content=\"Werner Hofmann\" \/>\n\t<meta name=\"twitter:label2\" content=\"Gesch\u00e4tzte Lesezeit\" \/>\n\t<meta name=\"twitter:data2\" content=\"2\u00a0Minuten\" \/>\n<script type=\"application\/ld+json\" class=\"yoast-schema-graph\">{\"@context\":\"https:\/\/schema.org\",\"@graph\":[{\"@type\":\"Article\",\"@id\":\"https:\/\/svfvolleyball.de\/index.php\/2026\/03\/10\/fellbacher-volleyballerinnen-verlieren-knapp-trainerduo-verabschiedet-sich-zum-saisonende\/#article\",\"isPartOf\":{\"@id\":\"https:\/\/svfvolleyball.de\/index.php\/2026\/03\/10\/fellbacher-volleyballerinnen-verlieren-knapp-trainerduo-verabschiedet-sich-zum-saisonende\/\"},\"author\":{\"name\":\"Werner Hofmann\",\"@id\":\"https:\/\/svfvolleyball.de\/#\/schema\/person\/f29518a892b1579fe0c32e7f0e5f1394\"},\"headline\":\"Fellbacher Volleyballerinnen verlieren knapp \u2013 Trainerduo verabschiedet sich zum Saisonende\",\"datePublished\":\"2026-03-10T07:02:10+00:00\",\"dateModified\":\"2026-03-10T07:07:51+00:00\",\"mainEntityOfPage\":{\"@id\":\"https:\/\/svfvolleyball.de\/index.php\/2026\/03\/10\/fellbacher-volleyballerinnen-verlieren-knapp-trainerduo-verabschiedet-sich-zum-saisonende\/\"},\"wordCount\":334,\"publisher\":{\"@id\":\"https:\/\/svfvolleyball.de\/#organization\"},\"inLanguage\":\"de\"},{\"@type\":\"WebPage\",\"@id\":\"https:\/\/svfvolleyball.de\/index.php\/2026\/03\/10\/fellbacher-volleyballerinnen-verlieren-knapp-trainerduo-verabschiedet-sich-zum-saisonende\/\",\"url\":\"https:\/\/svfvolleyball.de\/index.php\/2026\/03\/10\/fellbacher-volleyballerinnen-verlieren-knapp-trainerduo-verabschiedet-sich-zum-saisonende\/\",\"name\":\"Fellbacher Volleyballerinnen verlieren knapp \u2013 Trainerduo verabschiedet sich zum Saisonende - SVF Volleyball\",\"isPartOf\":{\"@id\":\"https:\/\/svfvolleyball.de\/#website\"},\"datePublished\":\"2026-03-10T07:02:10+00:00\",\"dateModified\":\"2026-03-10T07:07:51+00:00\",\"breadcrumb\":{\"@id\":\"https:\/\/svfvolleyball.de\/index.php\/2026\/03\/10\/fellbacher-volleyballerinnen-verlieren-knapp-trainerduo-verabschiedet-sich-zum-saisonende\/#breadcrumb\"},\"inLanguage\":\"de\",\"potentialAction\":[{\"@type\":\"ReadAction\",\"target\":[\"https:\/\/svfvolleyball.de\/index.php\/2026\/03\/10\/fellbacher-volleyballerinnen-verlieren-knapp-trainerduo-verabschiedet-sich-zum-saisonende\/\"]}]},{\"@type\":\"BreadcrumbList\",\"@id\":\"https:\/\/svfvolleyball.de\/index.php\/2026\/03\/10\/fellbacher-volleyballerinnen-verlieren-knapp-trainerduo-verabschiedet-sich-zum-saisonende\/#breadcrumb\",\"itemListElement\":[{\"@type\":\"ListItem\",\"position\":1,\"name\":\"Startseite\",\"item\":\"https:\/\/svfvolleyball.de\/\"},{\"@type\":\"ListItem\",\"position\":2,\"name\":\"Fellbacher Volleyballerinnen verlieren knapp \u2013 Trainerduo verabschiedet sich zum Saisonende\"}]},{\"@type\":\"WebSite\",\"@id\":\"https:\/\/svfvolleyball.de\/#website\",\"url\":\"https:\/\/svfvolleyball.de\/\",\"name\":\"SVF Volleyball\",\"description\":\"Volleyball Regionalliga in Fellbach!\",\"publisher\":{\"@id\":\"https:\/\/svfvolleyball.de\/#organization\"},\"potentialAction\":[{\"@type\":\"SearchAction\",\"target\":{\"@type\":\"EntryPoint\",\"urlTemplate\":\"https:\/\/svfvolleyball.de\/?s={search_term_string}\"},\"query-input\":{\"@type\":\"PropertyValueSpecification\",\"valueRequired\":true,\"valueName\":\"search_term_string\"}}],\"inLanguage\":\"de\"},{\"@type\":\"Organization\",\"@id\":\"https:\/\/svfvolleyball.de\/#organization\",\"name\":\"SV Fellbach Volleyball\",\"url\":\"https:\/\/svfvolleyball.de\/\",\"logo\":{\"@type\":\"ImageObject\",\"inLanguage\":\"de\",\"@id\":\"https:\/\/svfvolleyball.de\/#\/schema\/logo\/image\/\",\"url\":\"https:\/\/svfvolleyball.de\/wp-content\/uploads\/2021\/07\/SVFV_RotesRudel.jpg\",\"contentUrl\":\"https:\/\/svfvolleyball.de\/wp-content\/uploads\/2021\/07\/SVFV_RotesRudel.jpg\",\"width\":1200,\"height\":1564,\"caption\":\"SV Fellbach Volleyball\"},\"image\":{\"@id\":\"https:\/\/svfvolleyball.de\/#\/schema\/logo\/image\/\"}},{\"@type\":\"Person\",\"@id\":\"https:\/\/svfvolleyball.de\/#\/schema\/person\/f29518a892b1579fe0c32e7f0e5f1394\",\"name\":\"Werner Hofmann\",\"image\":{\"@type\":\"ImageObject\",\"inLanguage\":\"de\",\"@id\":\"https:\/\/svfvolleyball.de\/#\/schema\/person\/image\/\",\"url\":\"https:\/\/secure.gravatar.com\/avatar\/fa7d6c333324c59e0b9fe983c02164b2?s=96&d=mm&r=g\",\"contentUrl\":\"https:\/\/secure.gravatar.com\/avatar\/fa7d6c333324c59e0b9fe983c02164b2?s=96&d=mm&r=g\",\"caption\":\"Werner Hofmann\"},\"url\":\"https:\/\/svfvolleyball.de\/index.php\/author\/svfhofmann\/\"}]}<\/script>\n<!-- \/ Yoast SEO plugin. -->","yoast_head_json":{"title":"Fellbacher Volleyballerinnen verlieren knapp \u2013 Trainerduo verabschiedet sich zum Saisonende - SVF Volleyball","robots":{"index":"index","follow":"follow","max-snippet":"max-snippet:-1","max-image-preview":"max-image-preview:large","max-video-preview":"max-video-preview:-1"},"canonical":"https:\/\/svfvolleyball.de\/index.php\/2026\/03\/10\/fellbacher-volleyballerinnen-verlieren-knapp-trainerduo-verabschiedet-sich-zum-saisonende\/","twitter_misc":{"Verfasst von":"Werner Hofmann","Gesch\u00e4tzte Lesezeit":"2\u00a0Minuten"},"schema":{"@context":"https:\/\/schema.org","@graph":[{"@type":"Article","@id":"https:\/\/svfvolleyball.de\/index.php\/2026\/03\/10\/fellbacher-volleyballerinnen-verlieren-knapp-trainerduo-verabschiedet-sich-zum-saisonende\/#article","isPartOf":{"@id":"https:\/\/svfvolleyball.de\/index.php\/2026\/03\/10\/fellbacher-volleyballerinnen-verlieren-knapp-trainerduo-verabschiedet-sich-zum-saisonende\/"},"author":{"name":"Werner Hofmann","@id":"https:\/\/svfvolleyball.de\/#\/schema\/person\/f29518a892b1579fe0c32e7f0e5f1394"},"headline":"Fellbacher Volleyballerinnen verlieren knapp \u2013 Trainerduo verabschiedet sich zum Saisonende","datePublished":"2026-03-10T07:02:10+00:00","dateModified":"2026-03-10T07:07:51+00:00","mainEntityOfPage":{"@id":"https:\/\/svfvolleyball.de\/index.php\/2026\/03\/10\/fellbacher-volleyballerinnen-verlieren-knapp-trainerduo-verabschiedet-sich-zum-saisonende\/"},"wordCount":334,"publisher":{"@id":"https:\/\/svfvolleyball.de\/#organization"},"inLanguage":"de"},{"@type":"WebPage","@id":"https:\/\/svfvolleyball.de\/index.php\/2026\/03\/10\/fellbacher-volleyballerinnen-verlieren-knapp-trainerduo-verabschiedet-sich-zum-saisonende\/","url":"https:\/\/svfvolleyball.de\/index.php\/2026\/03\/10\/fellbacher-volleyballerinnen-verlieren-knapp-trainerduo-verabschiedet-sich-zum-saisonende\/","name":"Fellbacher Volleyballerinnen verlieren knapp \u2013 Trainerduo verabschiedet sich zum Saisonende - SVF Volleyball","isPartOf":{"@id":"https:\/\/svfvolleyball.de\/#website"},"datePublished":"2026-03-10T07:02:10+00:00","dateModified":"2026-03-10T07:07:51+00:00","breadcrumb":{"@id":"https:\/\/svfvolleyball.de\/index.php\/2026\/03\/10\/fellbacher-volleyballerinnen-verlieren-knapp-trainerduo-verabschiedet-sich-zum-saisonende\/#breadcrumb"},"inLanguage":"de","potentialAction":[{"@type":"ReadAction","target":["https:\/\/svfvolleyball.de\/index.php\/2026\/03\/10\/fellbacher-volleyballerinnen-verlieren-knapp-trainerduo-verabschiedet-sich-zum-saisonende\/"]}]},{"@type":"BreadcrumbList","@id":"https:\/\/svfvolleyball.de\/index.php\/2026\/03\/10\/fellbacher-volleyballerinnen-verlieren-knapp-trainerduo-verabschiedet-sich-zum-saisonende\/#breadcrumb","itemListElement":[{"@type":"ListItem","position":1,"name":"Startseite","item":"https:\/\/svfvolleyball.de\/"},{"@type":"ListItem","position":2,"name":"Fellbacher Volleyballerinnen verlieren knapp \u2013 Trainerduo verabschiedet sich zum Saisonende"}]},{"@type":"WebSite","@id":"https:\/\/svfvolleyball.de\/#website","url":"https:\/\/svfvolleyball.de\/","name":"SVF Volleyball","description":"Volleyball Regionalliga in Fellbach!","publisher":{"@id":"https:\/\/svfvolleyball.de\/#organization"},"potentialAction":[{"@type":"SearchAction","target":{"@type":"EntryPoint","urlTemplate":"https:\/\/svfvolleyball.de\/?s={search_term_string}"},"query-input":{"@type":"PropertyValueSpecification","valueRequired":true,"valueName":"search_term_string"}}],"inLanguage":"de"},{"@type":"Organization","@id":"https:\/\/svfvolleyball.de\/#organization","name":"SV Fellbach Volleyball","url":"https:\/\/svfvolleyball.de\/","logo":{"@type":"ImageObject","inLanguage":"de","@id":"https:\/\/svfvolleyball.de\/#\/schema\/logo\/image\/","url":"https:\/\/svfvolleyball.de\/wp-content\/uploads\/2021\/07\/SVFV_RotesRudel.jpg","contentUrl":"https:\/\/svfvolleyball.de\/wp-content\/uploads\/2021\/07\/SVFV_RotesRudel.jpg","width":1200,"height":1564,"caption":"SV Fellbach Volleyball"},"image":{"@id":"https:\/\/svfvolleyball.de\/#\/schema\/logo\/image\/"}},{"@type":"Person","@id":"https:\/\/svfvolleyball.de\/#\/schema\/person\/f29518a892b1579fe0c32e7f0e5f1394","name":"Werner Hofmann","image":{"@type":"ImageObject","inLanguage":"de","@id":"https:\/\/svfvolleyball.de\/#\/schema\/person\/image\/","url":"https:\/\/secure.gravatar.com\/avatar\/fa7d6c333324c59e0b9fe983c02164b2?s=96&d=mm&r=g","contentUrl":"https:\/\/secure.gravatar.com\/avatar\/fa7d6c333324c59e0b9fe983c02164b2?s=96&d=mm&r=g","caption":"Werner Hofmann"},"url":"https:\/\/svfvolleyball.de\/index.php\/author\/svfhofmann\/"}]}},"_links":{"self":[{"href":"https:\/\/svfvolleyball.de\/index.php\/wp-json\/wp\/v2\/posts\/8565","targetHints":{"allow":["GET"]}}],"collection":[{"href":"https:\/\/svfvolleyball.de\/index.php\/wp-json\/wp\/v2\/posts"}],"about":[{"href":"https:\/\/svfvolleyball.de\/index.php\/wp-json\/wp\/v2\/types\/post"}],"author":[{"embeddable":true,"href":"https:\/\/svfvolleyball.de\/index.php\/wp-json\/wp\/v2\/users\/6"}],"replies":[{"embeddable":true,"href":"https:\/\/svfvolleyball.de\/index.php\/wp-json\/wp\/v2\/comments?post=8565"}],"version-history":[{"count":4,"href":"https:\/\/svfvolleyball.de\/index.php\/wp-json\/wp\/v2\/posts\/8565\/revisions"}],"predecessor-version":[{"id":8570,"href":"https:\/\/svfvolleyball.de\/index.php\/wp-json\/wp\/v2\/posts\/8565\/revisions\/8570"}],"wp:attachment":[{"href":"https:\/\/svfvolleyball.de\/index.php\/wp-json\/wp\/v2\/media?parent=8565"}],"wp:term":[{"taxonomy":"category","embeddable":true,"href":"https:\/\/svfvolleyball.de\/index.php\/wp-json\/wp\/v2\/categories?post=8565"},{"taxonomy":"post_tag","embeddable":true,"href":"https:\/\/svfvolleyball.de\/index.php\/wp-json\/wp\/v2\/tags?post=8565"}],"curies":[{"name":"wp","href":"https:\/\/api.w.org\/{rel}","templated":true}]}}