
{"id":8528,"date":"2026-01-28T14:02:06","date_gmt":"2026-01-28T13:02:06","guid":{"rendered":"https:\/\/svfvolleyball.de\/?p=8528"},"modified":"2026-01-28T14:02:06","modified_gmt":"2026-01-28T13:02:06","slug":"sport-ass-2025-gesucht","status":"publish","type":"post","link":"https:\/\/svfvolleyball.de\/index.php\/2026\/01\/28\/sport-ass-2025-gesucht\/","title":{"rendered":"Sport-Ass 2025 gesucht"},"content":{"rendered":"\n<p><strong>Auch diesmal stehen zehn Kandidatinnen und Kandidaten zur Wahl. Die Fellbacher Zeitung bittet zusammen mit der Stadt Fellbach erneut zur Abstimmung.<\/strong><\/p>\n\n\n\n<p><strong>Milena Maurer<\/strong><\/p>\n\n\n\n<figure class=\"wp-block-image size-full is-resized\"><img loading=\"lazy\" decoding=\"async\" width=\"366\" height=\"512\" src=\"https:\/\/svfvolleyball.de\/wp-content\/uploads\/2026\/01\/image-2.png\" alt=\"\" class=\"wp-image-8529\" style=\"width:257px;height:auto\" srcset=\"https:\/\/svfvolleyball.de\/wp-content\/uploads\/2026\/01\/image-2.png 366w, https:\/\/svfvolleyball.de\/wp-content\/uploads\/2026\/01\/image-2-214x300.png 214w, https:\/\/svfvolleyball.de\/wp-content\/uploads\/2026\/01\/image-2-92x128.png 92w, https:\/\/svfvolleyball.de\/wp-content\/uploads\/2026\/01\/image-2-23x32.png 23w\" sizes=\"auto, (max-width: 366px) 100vw, 366px\" \/><\/figure>\n\n\n\n<p>Die Regionalliga-Volleyballerin des SV Fellbach hat sich im Jahr 2025 sehr gut entwickelt, entscheidet teils Spiele mit ihrem Aufschlag und ihrer positiven Unbek\u00fcmmertheit. Zus\u00e4tzlich spielt sie auf einer Position, die normalerweise von sehr gro\u00dfen Spielerinnen besetzt ist; doch dank ihrer unglaublichen Sprungkraft setzt sie sich hier immer wieder erfolgreich durch. Milena Maurer hat im Team um Trainer Jonas Hanenberg im vergangenen Jahr die gr\u00f6\u00dften Spr\u00fcnge gemacht und sich inzwischen zu einer echten Leistungstr\u00e4gerin entwickelt.sd<br>\u00a0Foto: Privat<\/p>\n\n\n\n<p>Als der Gemeinderat der Stadt Fellbach den Haushalt f\u00fcr das Jahr 2025 verabschiedet hat, hatte er unter anderem auch entschieden, die Sportlerehrung der Stadt aus Kostengr\u00fcnden nur noch alle zwei Jahre stattfinden zu lassen. Nachdem deshalb im vergangenen Jahr lediglich die Sport-Ass-Wahl 2024 sowie die Wahl des Sport-Asses der Herzen 2024 stattfand \u2013 die Sieger wurden im Fellbacher Rathaus von Oberb\u00fcrgermeisterin Gabriele Zull ausgezeichnet \u2013, finden nun in diesem Jahr Sportlerehrung und Sport-Ass-Wahl wieder in gewohntem Rahmen und nur f\u00fcr geladene G\u00e4ste statt. Und zwar am Freitag, 20. M\u00e4rz, in der Festhalle in Schmiden. Dabei werden Trainerinnen und Trainer, Tr\u00e4gerinnen und Tr\u00e4ger des Deutschen Sportabzeichens sowie Sportlerinnen und Sportler f\u00fcr ihre Leistungen mit dem Ehrenblatt in Gold, Silber und Bronze geehrt. Zudem wird das Fellbacher Sport-Ass des Jahres 2025 gek\u00fcrt.<\/p>\n\n\n\n<p>Andreas Blodig, Sami Khedira, Lana Holder, Sven Heinle, Evgeni Prasolov, Michael B\u00f6ttinger, Melanie Hammerschmidt, das Tanzpaar Katharina Belz\/Dominik St\u00f6ckl, Marvin Klass, Aaron Heumann, gleich zweimal in Folge Stefan Volzer, Carlo H\u00f6rr, Joshua Stallbaum und im vergangenen Jahr der Fellbacher Tennisspieler Yannick Zeitvogel \u2013 sie alle sind in j\u00fcngster Vergangenheit bereits zum Fellbacher Sport-Ass gew\u00e4hlt worden.<\/p>\n\n\n\n<p>Jetzt bittet die Fellbacher Zeitung zusammen mit der Stadt Fellbach einmal mehr zur Abstimmung. Die getroffene Vorauswahl soll die schwierige Suche nach dem Sport-Ass erleichtern \u2013 zumindest ein klein wenig. Auf dieser Seite stellen wir unsere zehn Kandidatinnen und Kandidaten vor. Erlesene Aspirantinnen und Aspiranten auf den Titel 2025 sind: Darja Varfolomeev, Anastasia Simakova (beide Rhythmische Sportgymnastik), Julian Hillmer (Skispringen), Kevin Karl (Ringen), Nicole Geller (Tanzsport), Istvan Richer (Wasserball), <strong>Milena Maurer (Volleyball)<\/strong>, Patrick Oksar (Basketball), Niklas K\u00e4fer (Gewichtheben) und Mika Ketterer (Jahnkampf).<\/p>\n\n\n\n<p>Die Stimmabgabe erfolgt auch in diesem Jahr wieder ausschlie\u00dflich im Internet. Unter der Adresse www.fellbach.de\/Sportass gelangt man direkt zur Umfrage. Jeder, der sich an der Wahl beteiligt, darf nur eine Stimme abgeben. Gew\u00e4hlt werden kann von diesem Mittwoch, 28. Januar, an bis einschlie\u00dflich Mittwoch, 4. M\u00e4rz. Die drei Sportlerinnen respektive Sportler mit den meisten Stimmen erhalten Geldpreise von der Stadt. Diejenige oder derjenige mit den allermeisten Stimmen ist das Fellbacher Sport-Ass 2025. Gek\u00fcrt wird auch das Sport-Ass der Herzen, ein Titel, der von einer Jury vergeben wird und bis zur Verk\u00fcndigung in der Festhalle eine \u00dcberraschung bleibt.<\/p>\n\n\n\n<p>Susanne Degel   Fellbacher Zeitung<\/p>\n\n\n\n<p><\/p>\n","protected":false},"excerpt":{"rendered":"<p>Auch diesmal stehen zehn Kandidatinnen und Kandidaten zur Wahl. Die Fellbacher Zeitung bittet zusammen mit der Stadt Fellbach erneut zur Abstimmung. Milena Maurer Die Regionalliga-Volleyballerin des SV Fellbach hat sich im Jahr 2025 sehr gut entwickelt, entscheidet teils Spiele mit ihrem Aufschlag und ihrer positiven Unbek\u00fcmmertheit. Zus\u00e4tzlich spielt sie auf einer Position, die normalerweise von [&hellip;]<\/p>\n","protected":false},"author":6,"featured_media":0,"comment_status":"closed","ping_status":"open","sticky":false,"template":"","format":"standard","meta":{"inline_featured_image":false,"footnotes":""},"categories":[1],"tags":[],"class_list":["post-8528","post","type-post","status-publish","format-standard","hentry","category-allgemein"],"yoast_head":"<!-- This site is optimized with the Yoast SEO plugin v26.1.1 - https:\/\/yoast.com\/wordpress\/plugins\/seo\/ -->\n<title>Sport-Ass 2025 gesucht - SVF Volleyball<\/title>\n<meta name=\"robots\" content=\"index, follow, max-snippet:-1, max-image-preview:large, max-video-preview:-1\" \/>\n<link rel=\"canonical\" href=\"https:\/\/svfvolleyball.de\/index.php\/2026\/01\/28\/sport-ass-2025-gesucht\/\" \/>\n<meta name=\"twitter:label1\" content=\"Verfasst von\" \/>\n\t<meta name=\"twitter:data1\" content=\"Werner Hofmann\" \/>\n\t<meta name=\"twitter:label2\" content=\"Gesch\u00e4tzte Lesezeit\" \/>\n\t<meta name=\"twitter:data2\" content=\"2\u00a0Minuten\" \/>\n<script type=\"application\/ld+json\" class=\"yoast-schema-graph\">{\"@context\":\"https:\/\/schema.org\",\"@graph\":[{\"@type\":\"Article\",\"@id\":\"https:\/\/svfvolleyball.de\/index.php\/2026\/01\/28\/sport-ass-2025-gesucht\/#article\",\"isPartOf\":{\"@id\":\"https:\/\/svfvolleyball.de\/index.php\/2026\/01\/28\/sport-ass-2025-gesucht\/\"},\"author\":{\"name\":\"Werner Hofmann\",\"@id\":\"https:\/\/svfvolleyball.de\/#\/schema\/person\/f29518a892b1579fe0c32e7f0e5f1394\"},\"headline\":\"Sport-Ass 2025 gesucht\",\"datePublished\":\"2026-01-28T13:02:06+00:00\",\"mainEntityOfPage\":{\"@id\":\"https:\/\/svfvolleyball.de\/index.php\/2026\/01\/28\/sport-ass-2025-gesucht\/\"},\"wordCount\":488,\"publisher\":{\"@id\":\"https:\/\/svfvolleyball.de\/#organization\"},\"image\":{\"@id\":\"https:\/\/svfvolleyball.de\/index.php\/2026\/01\/28\/sport-ass-2025-gesucht\/#primaryimage\"},\"thumbnailUrl\":\"https:\/\/svfvolleyball.de\/wp-content\/uploads\/2026\/01\/image-2.png\",\"inLanguage\":\"de\"},{\"@type\":\"WebPage\",\"@id\":\"https:\/\/svfvolleyball.de\/index.php\/2026\/01\/28\/sport-ass-2025-gesucht\/\",\"url\":\"https:\/\/svfvolleyball.de\/index.php\/2026\/01\/28\/sport-ass-2025-gesucht\/\",\"name\":\"Sport-Ass 2025 gesucht - SVF Volleyball\",\"isPartOf\":{\"@id\":\"https:\/\/svfvolleyball.de\/#website\"},\"primaryImageOfPage\":{\"@id\":\"https:\/\/svfvolleyball.de\/index.php\/2026\/01\/28\/sport-ass-2025-gesucht\/#primaryimage\"},\"image\":{\"@id\":\"https:\/\/svfvolleyball.de\/index.php\/2026\/01\/28\/sport-ass-2025-gesucht\/#primaryimage\"},\"thumbnailUrl\":\"https:\/\/svfvolleyball.de\/wp-content\/uploads\/2026\/01\/image-2.png\",\"datePublished\":\"2026-01-28T13:02:06+00:00\",\"breadcrumb\":{\"@id\":\"https:\/\/svfvolleyball.de\/index.php\/2026\/01\/28\/sport-ass-2025-gesucht\/#breadcrumb\"},\"inLanguage\":\"de\",\"potentialAction\":[{\"@type\":\"ReadAction\",\"target\":[\"https:\/\/svfvolleyball.de\/index.php\/2026\/01\/28\/sport-ass-2025-gesucht\/\"]}]},{\"@type\":\"ImageObject\",\"inLanguage\":\"de\",\"@id\":\"https:\/\/svfvolleyball.de\/index.php\/2026\/01\/28\/sport-ass-2025-gesucht\/#primaryimage\",\"url\":\"https:\/\/svfvolleyball.de\/wp-content\/uploads\/2026\/01\/image-2.png\",\"contentUrl\":\"https:\/\/svfvolleyball.de\/wp-content\/uploads\/2026\/01\/image-2.png\",\"width\":366,\"height\":512},{\"@type\":\"BreadcrumbList\",\"@id\":\"https:\/\/svfvolleyball.de\/index.php\/2026\/01\/28\/sport-ass-2025-gesucht\/#breadcrumb\",\"itemListElement\":[{\"@type\":\"ListItem\",\"position\":1,\"name\":\"Startseite\",\"item\":\"https:\/\/svfvolleyball.de\/\"},{\"@type\":\"ListItem\",\"position\":2,\"name\":\"Sport-Ass 2025 gesucht\"}]},{\"@type\":\"WebSite\",\"@id\":\"https:\/\/svfvolleyball.de\/#website\",\"url\":\"https:\/\/svfvolleyball.de\/\",\"name\":\"SVF Volleyball\",\"description\":\"Volleyball Regionalliga in Fellbach!\",\"publisher\":{\"@id\":\"https:\/\/svfvolleyball.de\/#organization\"},\"potentialAction\":[{\"@type\":\"SearchAction\",\"target\":{\"@type\":\"EntryPoint\",\"urlTemplate\":\"https:\/\/svfvolleyball.de\/?s={search_term_string}\"},\"query-input\":{\"@type\":\"PropertyValueSpecification\",\"valueRequired\":true,\"valueName\":\"search_term_string\"}}],\"inLanguage\":\"de\"},{\"@type\":\"Organization\",\"@id\":\"https:\/\/svfvolleyball.de\/#organization\",\"name\":\"SV Fellbach Volleyball\",\"url\":\"https:\/\/svfvolleyball.de\/\",\"logo\":{\"@type\":\"ImageObject\",\"inLanguage\":\"de\",\"@id\":\"https:\/\/svfvolleyball.de\/#\/schema\/logo\/image\/\",\"url\":\"https:\/\/svfvolleyball.de\/wp-content\/uploads\/2021\/07\/SVFV_RotesRudel.jpg\",\"contentUrl\":\"https:\/\/svfvolleyball.de\/wp-content\/uploads\/2021\/07\/SVFV_RotesRudel.jpg\",\"width\":1200,\"height\":1564,\"caption\":\"SV Fellbach Volleyball\"},\"image\":{\"@id\":\"https:\/\/svfvolleyball.de\/#\/schema\/logo\/image\/\"}},{\"@type\":\"Person\",\"@id\":\"https:\/\/svfvolleyball.de\/#\/schema\/person\/f29518a892b1579fe0c32e7f0e5f1394\",\"name\":\"Werner Hofmann\",\"image\":{\"@type\":\"ImageObject\",\"inLanguage\":\"de\",\"@id\":\"https:\/\/svfvolleyball.de\/#\/schema\/person\/image\/\",\"url\":\"https:\/\/secure.gravatar.com\/avatar\/fa7d6c333324c59e0b9fe983c02164b2?s=96&d=mm&r=g\",\"contentUrl\":\"https:\/\/secure.gravatar.com\/avatar\/fa7d6c333324c59e0b9fe983c02164b2?s=96&d=mm&r=g\",\"caption\":\"Werner Hofmann\"},\"url\":\"https:\/\/svfvolleyball.de\/index.php\/author\/svfhofmann\/\"}]}<\/script>\n<!-- \/ Yoast SEO plugin. -->","yoast_head_json":{"title":"Sport-Ass 2025 gesucht - SVF Volleyball","robots":{"index":"index","follow":"follow","max-snippet":"max-snippet:-1","max-image-preview":"max-image-preview:large","max-video-preview":"max-video-preview:-1"},"canonical":"https:\/\/svfvolleyball.de\/index.php\/2026\/01\/28\/sport-ass-2025-gesucht\/","twitter_misc":{"Verfasst von":"Werner Hofmann","Gesch\u00e4tzte Lesezeit":"2\u00a0Minuten"},"schema":{"@context":"https:\/\/schema.org","@graph":[{"@type":"Article","@id":"https:\/\/svfvolleyball.de\/index.php\/2026\/01\/28\/sport-ass-2025-gesucht\/#article","isPartOf":{"@id":"https:\/\/svfvolleyball.de\/index.php\/2026\/01\/28\/sport-ass-2025-gesucht\/"},"author":{"name":"Werner Hofmann","@id":"https:\/\/svfvolleyball.de\/#\/schema\/person\/f29518a892b1579fe0c32e7f0e5f1394"},"headline":"Sport-Ass 2025 gesucht","datePublished":"2026-01-28T13:02:06+00:00","mainEntityOfPage":{"@id":"https:\/\/svfvolleyball.de\/index.php\/2026\/01\/28\/sport-ass-2025-gesucht\/"},"wordCount":488,"publisher":{"@id":"https:\/\/svfvolleyball.de\/#organization"},"image":{"@id":"https:\/\/svfvolleyball.de\/index.php\/2026\/01\/28\/sport-ass-2025-gesucht\/#primaryimage"},"thumbnailUrl":"https:\/\/svfvolleyball.de\/wp-content\/uploads\/2026\/01\/image-2.png","inLanguage":"de"},{"@type":"WebPage","@id":"https:\/\/svfvolleyball.de\/index.php\/2026\/01\/28\/sport-ass-2025-gesucht\/","url":"https:\/\/svfvolleyball.de\/index.php\/2026\/01\/28\/sport-ass-2025-gesucht\/","name":"Sport-Ass 2025 gesucht - SVF Volleyball","isPartOf":{"@id":"https:\/\/svfvolleyball.de\/#website"},"primaryImageOfPage":{"@id":"https:\/\/svfvolleyball.de\/index.php\/2026\/01\/28\/sport-ass-2025-gesucht\/#primaryimage"},"image":{"@id":"https:\/\/svfvolleyball.de\/index.php\/2026\/01\/28\/sport-ass-2025-gesucht\/#primaryimage"},"thumbnailUrl":"https:\/\/svfvolleyball.de\/wp-content\/uploads\/2026\/01\/image-2.png","datePublished":"2026-01-28T13:02:06+00:00","breadcrumb":{"@id":"https:\/\/svfvolleyball.de\/index.php\/2026\/01\/28\/sport-ass-2025-gesucht\/#breadcrumb"},"inLanguage":"de","potentialAction":[{"@type":"ReadAction","target":["https:\/\/svfvolleyball.de\/index.php\/2026\/01\/28\/sport-ass-2025-gesucht\/"]}]},{"@type":"ImageObject","inLanguage":"de","@id":"https:\/\/svfvolleyball.de\/index.php\/2026\/01\/28\/sport-ass-2025-gesucht\/#primaryimage","url":"https:\/\/svfvolleyball.de\/wp-content\/uploads\/2026\/01\/image-2.png","contentUrl":"https:\/\/svfvolleyball.de\/wp-content\/uploads\/2026\/01\/image-2.png","width":366,"height":512},{"@type":"BreadcrumbList","@id":"https:\/\/svfvolleyball.de\/index.php\/2026\/01\/28\/sport-ass-2025-gesucht\/#breadcrumb","itemListElement":[{"@type":"ListItem","position":1,"name":"Startseite","item":"https:\/\/svfvolleyball.de\/"},{"@type":"ListItem","position":2,"name":"Sport-Ass 2025 gesucht"}]},{"@type":"WebSite","@id":"https:\/\/svfvolleyball.de\/#website","url":"https:\/\/svfvolleyball.de\/","name":"SVF Volleyball","description":"Volleyball Regionalliga in Fellbach!","publisher":{"@id":"https:\/\/svfvolleyball.de\/#organization"},"potentialAction":[{"@type":"SearchAction","target":{"@type":"EntryPoint","urlTemplate":"https:\/\/svfvolleyball.de\/?s={search_term_string}"},"query-input":{"@type":"PropertyValueSpecification","valueRequired":true,"valueName":"search_term_string"}}],"inLanguage":"de"},{"@type":"Organization","@id":"https:\/\/svfvolleyball.de\/#organization","name":"SV Fellbach Volleyball","url":"https:\/\/svfvolleyball.de\/","logo":{"@type":"ImageObject","inLanguage":"de","@id":"https:\/\/svfvolleyball.de\/#\/schema\/logo\/image\/","url":"https:\/\/svfvolleyball.de\/wp-content\/uploads\/2021\/07\/SVFV_RotesRudel.jpg","contentUrl":"https:\/\/svfvolleyball.de\/wp-content\/uploads\/2021\/07\/SVFV_RotesRudel.jpg","width":1200,"height":1564,"caption":"SV Fellbach Volleyball"},"image":{"@id":"https:\/\/svfvolleyball.de\/#\/schema\/logo\/image\/"}},{"@type":"Person","@id":"https:\/\/svfvolleyball.de\/#\/schema\/person\/f29518a892b1579fe0c32e7f0e5f1394","name":"Werner Hofmann","image":{"@type":"ImageObject","inLanguage":"de","@id":"https:\/\/svfvolleyball.de\/#\/schema\/person\/image\/","url":"https:\/\/secure.gravatar.com\/avatar\/fa7d6c333324c59e0b9fe983c02164b2?s=96&d=mm&r=g","contentUrl":"https:\/\/secure.gravatar.com\/avatar\/fa7d6c333324c59e0b9fe983c02164b2?s=96&d=mm&r=g","caption":"Werner Hofmann"},"url":"https:\/\/svfvolleyball.de\/index.php\/author\/svfhofmann\/"}]}},"_links":{"self":[{"href":"https:\/\/svfvolleyball.de\/index.php\/wp-json\/wp\/v2\/posts\/8528","targetHints":{"allow":["GET"]}}],"collection":[{"href":"https:\/\/svfvolleyball.de\/index.php\/wp-json\/wp\/v2\/posts"}],"about":[{"href":"https:\/\/svfvolleyball.de\/index.php\/wp-json\/wp\/v2\/types\/post"}],"author":[{"embeddable":true,"href":"https:\/\/svfvolleyball.de\/index.php\/wp-json\/wp\/v2\/users\/6"}],"replies":[{"embeddable":true,"href":"https:\/\/svfvolleyball.de\/index.php\/wp-json\/wp\/v2\/comments?post=8528"}],"version-history":[{"count":2,"href":"https:\/\/svfvolleyball.de\/index.php\/wp-json\/wp\/v2\/posts\/8528\/revisions"}],"predecessor-version":[{"id":8531,"href":"https:\/\/svfvolleyball.de\/index.php\/wp-json\/wp\/v2\/posts\/8528\/revisions\/8531"}],"wp:attachment":[{"href":"https:\/\/svfvolleyball.de\/index.php\/wp-json\/wp\/v2\/media?parent=8528"}],"wp:term":[{"taxonomy":"category","embeddable":true,"href":"https:\/\/svfvolleyball.de\/index.php\/wp-json\/wp\/v2\/categories?post=8528"},{"taxonomy":"post_tag","embeddable":true,"href":"https:\/\/svfvolleyball.de\/index.php\/wp-json\/wp\/v2\/tags?post=8528"}],"curies":[{"name":"wp","href":"https:\/\/api.w.org\/{rel}","templated":true}]}}