
{"id":8524,"date":"2026-01-27T07:37:07","date_gmt":"2026-01-27T06:37:07","guid":{"rendered":"https:\/\/svfvolleyball.de\/?p=8524"},"modified":"2026-01-27T07:37:07","modified_gmt":"2026-01-27T06:37:07","slug":"gut-erholt-nach-der-niederlage-im-pokal","status":"publish","type":"post","link":"https:\/\/svfvolleyball.de\/index.php\/2026\/01\/27\/gut-erholt-nach-der-niederlage-im-pokal\/","title":{"rendered":"Gut erholt nach der Niederlage im Pokal"},"content":{"rendered":"\n<figure class=\"wp-block-image size-full\"><img loading=\"lazy\" decoding=\"async\" width=\"173\" height=\"244\" src=\"https:\/\/svfvolleyball.de\/wp-content\/uploads\/2026\/01\/image-1.png\" alt=\"\" class=\"wp-image-8525\" srcset=\"https:\/\/svfvolleyball.de\/wp-content\/uploads\/2026\/01\/image-1.png 173w, https:\/\/svfvolleyball.de\/wp-content\/uploads\/2026\/01\/image-1-91x128.png 91w, https:\/\/svfvolleyball.de\/wp-content\/uploads\/2026\/01\/image-1-23x32.png 23w\" sizes=\"auto, (max-width: 173px) 100vw, 173px\" \/><\/figure>\n\n\n\n<p><strong>Die Volleyballerinnen des SV Fellbach gewinnen in der Regionalliga gegen die TSG Reutlingen mit 3:1 S\u00e4tzen.<\/strong><\/p>\n\n\n\n<p>Selten d\u00fcrfte es in der Volleyball-Regionalliga der Frauen so spannend im Kampf um die vorderen Pl\u00e4tze zugegangen sein, wie dies in der aktuellen Saison der Fall ist. Zwei Punkte liegen aktuell zwischen den beiden punktgleich f\u00fchrenden Teams FV T\u00fcbinger Modell und TV Bretten und dem viertplatzierten SV Fellbach. Wobei letztgenannter Verbund ebenso wie die drittplatzierte VSG Ettlingen\/R\u00fcppurr ein Spiel weniger absolviert hat. \u201eEs bleibt weiterhin spannend\u201c, sagt der SVF-Trainer Jonas Hanenberg.<\/p>\n\n\n\n<p>Nach der unter der Woche erlittenen Pokalniederlage beim Oberligisten TG Biberach, hat sich sein Team am Sonntag gut erholt gezeigt und die Heimpartie gegen die TSG Reutlingen mit 3:1 S\u00e4tzen (28:30, 25:20, 25:22 25:22) gewonnen.<\/p>\n\n\n\n<p>Dass die Aufgabe gegen die abstiegsbedrohten G\u00e4ste schwieriger war als vermutet, lag vor allem daran, dass diese \u00fcberraschend locker aufgespielt haben, mit ordentlichem Aufschlagspiel \u00fcberzeugten und auch gut \u00fcber die Mitte gespielt haben. Die Fellbacherinnen hingegen h\u00e4tten durchaus selbstbewusster und mutiger agieren d\u00fcrfen, waren oft etwas zur\u00fcckhaltend in ihren Aktionen. \u201eZum Gl\u00fcck hatten wir immer wieder Phasen, in denen uns viele Break-Punkte gelangen. Und die waren letztlich ausschlaggebend f\u00fcr die Satzgewinne\u201c, sagt Hanenberg.<\/p>\n\n\n\n<p>Zur wertvollsten Spielerin aufseiten des SVF wurde die Diagonalangreiferin Ella Rohde gew\u00e4hlt. \u00dcberdies gab es drei weitere Spielerinnen, die sich eine sehr gute Note verdient haben: Die Zuspielerin Mirea Ahmann, die aufgrund der Erkrankung von Paloma Kraft ins kalte Wasser geschmissen wurde, aber sehr gut mit Ella Rhode harmonierte. Au\u00dferdem Lena L\u00fcbke, die nach dem ersten Satz f\u00fcr Lena G\u00fcnther aufs Spielfeld gekommen war, sowie Libera Nadine Rohde, die viel Verantwortung \u00fcbernommen hat.<\/p>\n\n\n\n<p>Am kommenden Wochenende sind die Fellbacherinnen gleich zweimal gefordert. Am Samstag (15 Uhr) steht das Heimspiel gegen das St\u00fctzpunktteam\/BSP Stuttgart II an, tags darauf, am Sonntag,14 Uhr, muss der SVF zum Spitzenspiel nach Bretten. SV Fellbach: Ahmann, Ella Rohde, Schlotfeldt, Metzger, Eisele, Nadine Rohde, G\u00fcnther, L\u00fcbke, Wegenast, Reichle, Javanshad, K\u00f6ssinger.<\/p>\n\n\n\n<p>Susanne Degel   Fellbacher Zeitung<\/p>\n","protected":false},"excerpt":{"rendered":"<p>Die Volleyballerinnen des SV Fellbach gewinnen in der Regionalliga gegen die TSG Reutlingen mit 3:1 S\u00e4tzen. Selten d\u00fcrfte es in der Volleyball-Regionalliga der Frauen so spannend im Kampf um die vorderen Pl\u00e4tze zugegangen sein, wie dies in der aktuellen Saison der Fall ist. Zwei Punkte liegen aktuell zwischen den beiden punktgleich f\u00fchrenden Teams FV T\u00fcbinger [&hellip;]<\/p>\n","protected":false},"author":6,"featured_media":0,"comment_status":"closed","ping_status":"open","sticky":false,"template":"","format":"standard","meta":{"inline_featured_image":false,"footnotes":""},"categories":[1],"tags":[],"class_list":["post-8524","post","type-post","status-publish","format-standard","hentry","category-allgemein"],"yoast_head":"<!-- This site is optimized with the Yoast SEO plugin v26.1.1 - https:\/\/yoast.com\/wordpress\/plugins\/seo\/ -->\n<title>Gut erholt nach der Niederlage im Pokal - SVF Volleyball<\/title>\n<meta name=\"robots\" content=\"index, follow, max-snippet:-1, max-image-preview:large, max-video-preview:-1\" \/>\n<link rel=\"canonical\" href=\"https:\/\/svfvolleyball.de\/index.php\/2026\/01\/27\/gut-erholt-nach-der-niederlage-im-pokal\/\" \/>\n<meta name=\"twitter:label1\" content=\"Verfasst von\" \/>\n\t<meta name=\"twitter:data1\" content=\"Werner Hofmann\" \/>\n\t<meta name=\"twitter:label2\" content=\"Gesch\u00e4tzte Lesezeit\" \/>\n\t<meta name=\"twitter:data2\" content=\"2\u00a0Minuten\" \/>\n<script type=\"application\/ld+json\" class=\"yoast-schema-graph\">{\"@context\":\"https:\/\/schema.org\",\"@graph\":[{\"@type\":\"Article\",\"@id\":\"https:\/\/svfvolleyball.de\/index.php\/2026\/01\/27\/gut-erholt-nach-der-niederlage-im-pokal\/#article\",\"isPartOf\":{\"@id\":\"https:\/\/svfvolleyball.de\/index.php\/2026\/01\/27\/gut-erholt-nach-der-niederlage-im-pokal\/\"},\"author\":{\"name\":\"Werner Hofmann\",\"@id\":\"https:\/\/svfvolleyball.de\/#\/schema\/person\/f29518a892b1579fe0c32e7f0e5f1394\"},\"headline\":\"Gut erholt nach der Niederlage im Pokal\",\"datePublished\":\"2026-01-27T06:37:07+00:00\",\"mainEntityOfPage\":{\"@id\":\"https:\/\/svfvolleyball.de\/index.php\/2026\/01\/27\/gut-erholt-nach-der-niederlage-im-pokal\/\"},\"wordCount\":346,\"publisher\":{\"@id\":\"https:\/\/svfvolleyball.de\/#organization\"},\"image\":{\"@id\":\"https:\/\/svfvolleyball.de\/index.php\/2026\/01\/27\/gut-erholt-nach-der-niederlage-im-pokal\/#primaryimage\"},\"thumbnailUrl\":\"https:\/\/svfvolleyball.de\/wp-content\/uploads\/2026\/01\/image-1.png\",\"inLanguage\":\"de\"},{\"@type\":\"WebPage\",\"@id\":\"https:\/\/svfvolleyball.de\/index.php\/2026\/01\/27\/gut-erholt-nach-der-niederlage-im-pokal\/\",\"url\":\"https:\/\/svfvolleyball.de\/index.php\/2026\/01\/27\/gut-erholt-nach-der-niederlage-im-pokal\/\",\"name\":\"Gut erholt nach der Niederlage im Pokal - SVF Volleyball\",\"isPartOf\":{\"@id\":\"https:\/\/svfvolleyball.de\/#website\"},\"primaryImageOfPage\":{\"@id\":\"https:\/\/svfvolleyball.de\/index.php\/2026\/01\/27\/gut-erholt-nach-der-niederlage-im-pokal\/#primaryimage\"},\"image\":{\"@id\":\"https:\/\/svfvolleyball.de\/index.php\/2026\/01\/27\/gut-erholt-nach-der-niederlage-im-pokal\/#primaryimage\"},\"thumbnailUrl\":\"https:\/\/svfvolleyball.de\/wp-content\/uploads\/2026\/01\/image-1.png\",\"datePublished\":\"2026-01-27T06:37:07+00:00\",\"breadcrumb\":{\"@id\":\"https:\/\/svfvolleyball.de\/index.php\/2026\/01\/27\/gut-erholt-nach-der-niederlage-im-pokal\/#breadcrumb\"},\"inLanguage\":\"de\",\"potentialAction\":[{\"@type\":\"ReadAction\",\"target\":[\"https:\/\/svfvolleyball.de\/index.php\/2026\/01\/27\/gut-erholt-nach-der-niederlage-im-pokal\/\"]}]},{\"@type\":\"ImageObject\",\"inLanguage\":\"de\",\"@id\":\"https:\/\/svfvolleyball.de\/index.php\/2026\/01\/27\/gut-erholt-nach-der-niederlage-im-pokal\/#primaryimage\",\"url\":\"https:\/\/svfvolleyball.de\/wp-content\/uploads\/2026\/01\/image-1.png\",\"contentUrl\":\"https:\/\/svfvolleyball.de\/wp-content\/uploads\/2026\/01\/image-1.png\",\"width\":173,\"height\":244},{\"@type\":\"BreadcrumbList\",\"@id\":\"https:\/\/svfvolleyball.de\/index.php\/2026\/01\/27\/gut-erholt-nach-der-niederlage-im-pokal\/#breadcrumb\",\"itemListElement\":[{\"@type\":\"ListItem\",\"position\":1,\"name\":\"Startseite\",\"item\":\"https:\/\/svfvolleyball.de\/\"},{\"@type\":\"ListItem\",\"position\":2,\"name\":\"Gut erholt nach der Niederlage im Pokal\"}]},{\"@type\":\"WebSite\",\"@id\":\"https:\/\/svfvolleyball.de\/#website\",\"url\":\"https:\/\/svfvolleyball.de\/\",\"name\":\"SVF Volleyball\",\"description\":\"Volleyball Regionalliga in Fellbach!\",\"publisher\":{\"@id\":\"https:\/\/svfvolleyball.de\/#organization\"},\"potentialAction\":[{\"@type\":\"SearchAction\",\"target\":{\"@type\":\"EntryPoint\",\"urlTemplate\":\"https:\/\/svfvolleyball.de\/?s={search_term_string}\"},\"query-input\":{\"@type\":\"PropertyValueSpecification\",\"valueRequired\":true,\"valueName\":\"search_term_string\"}}],\"inLanguage\":\"de\"},{\"@type\":\"Organization\",\"@id\":\"https:\/\/svfvolleyball.de\/#organization\",\"name\":\"SV Fellbach Volleyball\",\"url\":\"https:\/\/svfvolleyball.de\/\",\"logo\":{\"@type\":\"ImageObject\",\"inLanguage\":\"de\",\"@id\":\"https:\/\/svfvolleyball.de\/#\/schema\/logo\/image\/\",\"url\":\"https:\/\/svfvolleyball.de\/wp-content\/uploads\/2021\/07\/SVFV_RotesRudel.jpg\",\"contentUrl\":\"https:\/\/svfvolleyball.de\/wp-content\/uploads\/2021\/07\/SVFV_RotesRudel.jpg\",\"width\":1200,\"height\":1564,\"caption\":\"SV Fellbach Volleyball\"},\"image\":{\"@id\":\"https:\/\/svfvolleyball.de\/#\/schema\/logo\/image\/\"}},{\"@type\":\"Person\",\"@id\":\"https:\/\/svfvolleyball.de\/#\/schema\/person\/f29518a892b1579fe0c32e7f0e5f1394\",\"name\":\"Werner Hofmann\",\"image\":{\"@type\":\"ImageObject\",\"inLanguage\":\"de\",\"@id\":\"https:\/\/svfvolleyball.de\/#\/schema\/person\/image\/\",\"url\":\"https:\/\/secure.gravatar.com\/avatar\/fa7d6c333324c59e0b9fe983c02164b2?s=96&d=mm&r=g\",\"contentUrl\":\"https:\/\/secure.gravatar.com\/avatar\/fa7d6c333324c59e0b9fe983c02164b2?s=96&d=mm&r=g\",\"caption\":\"Werner Hofmann\"},\"url\":\"https:\/\/svfvolleyball.de\/index.php\/author\/svfhofmann\/\"}]}<\/script>\n<!-- \/ Yoast SEO plugin. -->","yoast_head_json":{"title":"Gut erholt nach der Niederlage im Pokal - SVF Volleyball","robots":{"index":"index","follow":"follow","max-snippet":"max-snippet:-1","max-image-preview":"max-image-preview:large","max-video-preview":"max-video-preview:-1"},"canonical":"https:\/\/svfvolleyball.de\/index.php\/2026\/01\/27\/gut-erholt-nach-der-niederlage-im-pokal\/","twitter_misc":{"Verfasst von":"Werner Hofmann","Gesch\u00e4tzte Lesezeit":"2\u00a0Minuten"},"schema":{"@context":"https:\/\/schema.org","@graph":[{"@type":"Article","@id":"https:\/\/svfvolleyball.de\/index.php\/2026\/01\/27\/gut-erholt-nach-der-niederlage-im-pokal\/#article","isPartOf":{"@id":"https:\/\/svfvolleyball.de\/index.php\/2026\/01\/27\/gut-erholt-nach-der-niederlage-im-pokal\/"},"author":{"name":"Werner Hofmann","@id":"https:\/\/svfvolleyball.de\/#\/schema\/person\/f29518a892b1579fe0c32e7f0e5f1394"},"headline":"Gut erholt nach der Niederlage im Pokal","datePublished":"2026-01-27T06:37:07+00:00","mainEntityOfPage":{"@id":"https:\/\/svfvolleyball.de\/index.php\/2026\/01\/27\/gut-erholt-nach-der-niederlage-im-pokal\/"},"wordCount":346,"publisher":{"@id":"https:\/\/svfvolleyball.de\/#organization"},"image":{"@id":"https:\/\/svfvolleyball.de\/index.php\/2026\/01\/27\/gut-erholt-nach-der-niederlage-im-pokal\/#primaryimage"},"thumbnailUrl":"https:\/\/svfvolleyball.de\/wp-content\/uploads\/2026\/01\/image-1.png","inLanguage":"de"},{"@type":"WebPage","@id":"https:\/\/svfvolleyball.de\/index.php\/2026\/01\/27\/gut-erholt-nach-der-niederlage-im-pokal\/","url":"https:\/\/svfvolleyball.de\/index.php\/2026\/01\/27\/gut-erholt-nach-der-niederlage-im-pokal\/","name":"Gut erholt nach der Niederlage im Pokal - SVF Volleyball","isPartOf":{"@id":"https:\/\/svfvolleyball.de\/#website"},"primaryImageOfPage":{"@id":"https:\/\/svfvolleyball.de\/index.php\/2026\/01\/27\/gut-erholt-nach-der-niederlage-im-pokal\/#primaryimage"},"image":{"@id":"https:\/\/svfvolleyball.de\/index.php\/2026\/01\/27\/gut-erholt-nach-der-niederlage-im-pokal\/#primaryimage"},"thumbnailUrl":"https:\/\/svfvolleyball.de\/wp-content\/uploads\/2026\/01\/image-1.png","datePublished":"2026-01-27T06:37:07+00:00","breadcrumb":{"@id":"https:\/\/svfvolleyball.de\/index.php\/2026\/01\/27\/gut-erholt-nach-der-niederlage-im-pokal\/#breadcrumb"},"inLanguage":"de","potentialAction":[{"@type":"ReadAction","target":["https:\/\/svfvolleyball.de\/index.php\/2026\/01\/27\/gut-erholt-nach-der-niederlage-im-pokal\/"]}]},{"@type":"ImageObject","inLanguage":"de","@id":"https:\/\/svfvolleyball.de\/index.php\/2026\/01\/27\/gut-erholt-nach-der-niederlage-im-pokal\/#primaryimage","url":"https:\/\/svfvolleyball.de\/wp-content\/uploads\/2026\/01\/image-1.png","contentUrl":"https:\/\/svfvolleyball.de\/wp-content\/uploads\/2026\/01\/image-1.png","width":173,"height":244},{"@type":"BreadcrumbList","@id":"https:\/\/svfvolleyball.de\/index.php\/2026\/01\/27\/gut-erholt-nach-der-niederlage-im-pokal\/#breadcrumb","itemListElement":[{"@type":"ListItem","position":1,"name":"Startseite","item":"https:\/\/svfvolleyball.de\/"},{"@type":"ListItem","position":2,"name":"Gut erholt nach der Niederlage im Pokal"}]},{"@type":"WebSite","@id":"https:\/\/svfvolleyball.de\/#website","url":"https:\/\/svfvolleyball.de\/","name":"SVF Volleyball","description":"Volleyball Regionalliga in Fellbach!","publisher":{"@id":"https:\/\/svfvolleyball.de\/#organization"},"potentialAction":[{"@type":"SearchAction","target":{"@type":"EntryPoint","urlTemplate":"https:\/\/svfvolleyball.de\/?s={search_term_string}"},"query-input":{"@type":"PropertyValueSpecification","valueRequired":true,"valueName":"search_term_string"}}],"inLanguage":"de"},{"@type":"Organization","@id":"https:\/\/svfvolleyball.de\/#organization","name":"SV Fellbach Volleyball","url":"https:\/\/svfvolleyball.de\/","logo":{"@type":"ImageObject","inLanguage":"de","@id":"https:\/\/svfvolleyball.de\/#\/schema\/logo\/image\/","url":"https:\/\/svfvolleyball.de\/wp-content\/uploads\/2021\/07\/SVFV_RotesRudel.jpg","contentUrl":"https:\/\/svfvolleyball.de\/wp-content\/uploads\/2021\/07\/SVFV_RotesRudel.jpg","width":1200,"height":1564,"caption":"SV Fellbach Volleyball"},"image":{"@id":"https:\/\/svfvolleyball.de\/#\/schema\/logo\/image\/"}},{"@type":"Person","@id":"https:\/\/svfvolleyball.de\/#\/schema\/person\/f29518a892b1579fe0c32e7f0e5f1394","name":"Werner Hofmann","image":{"@type":"ImageObject","inLanguage":"de","@id":"https:\/\/svfvolleyball.de\/#\/schema\/person\/image\/","url":"https:\/\/secure.gravatar.com\/avatar\/fa7d6c333324c59e0b9fe983c02164b2?s=96&d=mm&r=g","contentUrl":"https:\/\/secure.gravatar.com\/avatar\/fa7d6c333324c59e0b9fe983c02164b2?s=96&d=mm&r=g","caption":"Werner Hofmann"},"url":"https:\/\/svfvolleyball.de\/index.php\/author\/svfhofmann\/"}]}},"_links":{"self":[{"href":"https:\/\/svfvolleyball.de\/index.php\/wp-json\/wp\/v2\/posts\/8524","targetHints":{"allow":["GET"]}}],"collection":[{"href":"https:\/\/svfvolleyball.de\/index.php\/wp-json\/wp\/v2\/posts"}],"about":[{"href":"https:\/\/svfvolleyball.de\/index.php\/wp-json\/wp\/v2\/types\/post"}],"author":[{"embeddable":true,"href":"https:\/\/svfvolleyball.de\/index.php\/wp-json\/wp\/v2\/users\/6"}],"replies":[{"embeddable":true,"href":"https:\/\/svfvolleyball.de\/index.php\/wp-json\/wp\/v2\/comments?post=8524"}],"version-history":[{"count":2,"href":"https:\/\/svfvolleyball.de\/index.php\/wp-json\/wp\/v2\/posts\/8524\/revisions"}],"predecessor-version":[{"id":8527,"href":"https:\/\/svfvolleyball.de\/index.php\/wp-json\/wp\/v2\/posts\/8524\/revisions\/8527"}],"wp:attachment":[{"href":"https:\/\/svfvolleyball.de\/index.php\/wp-json\/wp\/v2\/media?parent=8524"}],"wp:term":[{"taxonomy":"category","embeddable":true,"href":"https:\/\/svfvolleyball.de\/index.php\/wp-json\/wp\/v2\/categories?post=8524"},{"taxonomy":"post_tag","embeddable":true,"href":"https:\/\/svfvolleyball.de\/index.php\/wp-json\/wp\/v2\/tags?post=8524"}],"curies":[{"name":"wp","href":"https:\/\/api.w.org\/{rel}","templated":true}]}}