
{"id":8485,"date":"2025-12-10T10:29:08","date_gmt":"2025-12-10T09:29:08","guid":{"rendered":"https:\/\/svfvolleyball.de\/?p=8485"},"modified":"2025-12-10T10:29:08","modified_gmt":"2025-12-10T09:29:08","slug":"am-ende-sind-es-ein-paar-fehler-zu-viel","status":"publish","type":"post","link":"https:\/\/svfvolleyball.de\/index.php\/2025\/12\/10\/am-ende-sind-es-ein-paar-fehler-zu-viel\/","title":{"rendered":"Am Ende sind es ein paar Fehler zu viel"},"content":{"rendered":"\n<p><strong>Die Volleyballer des SV Fellbach verlieren beim Oberliga-Spitzenreiter SV Esslingen mit 0:3 nach S\u00e4tzen.<\/strong><\/p>\n\n\n\n<p>Es sieht ganz so aus, als sei der Meisterschaftszug f\u00fcr die Volleyballer des SV Fellbach in der Oberliga bereits nach dem achten Spieltag abgefahren. Denn nach der j\u00fcngsten 0:3-Niederlage (20:25, 21:25, 19:25) am vergangenen Samstag beim Spitzenreiter SV Esslingen, betr\u00e4gt der R\u00fcckstand des Tabellendritten auf den ersten Rang bereits sieben Z\u00e4hler \u2013 und das bei einer mehr absolvierten Partie. F\u00fcr die Gastgeber, die erst in die Oberliga aufgestiegen sind, war es bereits der siebte Sieg in der siebten Begegnung. Insgesamt hat das Team um den Spielertrainer Tim Riegert erst zwei S\u00e4tze abgegeben.<\/p>\n\n\n\n<p>Das 3:0 gegen den SV Fellbach, das nach 66 Minuten und vor knapp 90 Zuschauern in der Sporthalle in Weil unter Dach und Fach war, klingt zwar deutlich, \u201edas Spiel war aber knapper, als es das Ergebnis vermuten l\u00e4sst\u201c, sagt der Fellbacher Trainer Alexander Vorsterman van Oijen. \u201eWir haben uns gut verkauft und uns nicht viel vorzuwerfen. Deshalb m\u00fcssen wir die Niederlage sportlich nehmen.\u201c Am Ende waren es in den entscheidenden Phasen einfach ein paar Fehler zu viel. Fehler, die man sich bei der Qualit\u00e4t im Esslinger Kader nicht leisten darf. So standen am Samstag gleich vier Spieler mit Zweitliga-Erfahrung und zudem mit einer Vergangenheit beim SV Fellbach auf der anderen Seite des Netzes: Felix Klaue, Tim Holler, Valentino Nadale und Niklas Henseling.<\/p>\n\n\n\n<p>Letztgenannter wurde denn auch aufseiten der Esslinger zum wertvollsten Spieler gew\u00e4hlt, bei den Fellbachern Michael Schneidt. Der Diagonalangreifer hat seinen Job gut und viel Druck im Angriff gemacht. \u201eIch denke, er hat sich nach zuletzt nicht so guten Vorstellungen freigespielt und hat jetzt wieder etwas Oberwasser\u201c, sagt der Coach. Und das sei vor allem im Blick auf die n\u00e4chsten beiden Spiele wichtig, die der SVF noch vor den Weihnachtsfeiertagen vor der Brust hat. Am Samstag (16 Uhr, Sporthalle Dettingen) geht es zum Ligaschlusslicht SG Volley Neckar-Teck, am Sonntag, 21. Dezember, ist dann der TSV Eningen zu Gast in der G\u00e4u\u00e4ckerhalle I (16 Uhr).<\/p>\n\n\n\n<p>\u2009\u2009\u2009 SV Fellbach: Maser, Kaisser, Schneidt, H\u00e4fele, Thei\u00df, Kraft, Holzwarth, von Berg, Santiago-Bruckner, Wagner.<\/p>\n\n\n\n<p><strong>Susanne Degel   Fellbacher Zeitung<\/strong><\/p>\n\n\n\n<p><\/p>\n","protected":false},"excerpt":{"rendered":"<p>Die Volleyballer des SV Fellbach verlieren beim Oberliga-Spitzenreiter SV Esslingen mit 0:3 nach S\u00e4tzen. Es sieht ganz so aus, als sei der Meisterschaftszug f\u00fcr die Volleyballer des SV Fellbach in der Oberliga bereits nach dem achten Spieltag abgefahren. Denn nach der j\u00fcngsten 0:3-Niederlage (20:25, 21:25, 19:25) am vergangenen Samstag beim Spitzenreiter SV Esslingen, betr\u00e4gt der [&hellip;]<\/p>\n","protected":false},"author":6,"featured_media":0,"comment_status":"closed","ping_status":"open","sticky":false,"template":"","format":"standard","meta":{"inline_featured_image":false,"footnotes":""},"categories":[1],"tags":[],"class_list":["post-8485","post","type-post","status-publish","format-standard","hentry","category-allgemein"],"yoast_head":"<!-- This site is optimized with the Yoast SEO plugin v26.1.1 - https:\/\/yoast.com\/wordpress\/plugins\/seo\/ -->\n<title>Am Ende sind es ein paar Fehler zu viel - SVF Volleyball<\/title>\n<meta name=\"robots\" content=\"index, follow, max-snippet:-1, max-image-preview:large, max-video-preview:-1\" \/>\n<link rel=\"canonical\" href=\"https:\/\/svfvolleyball.de\/index.php\/2025\/12\/10\/am-ende-sind-es-ein-paar-fehler-zu-viel\/\" \/>\n<meta name=\"twitter:label1\" content=\"Verfasst von\" \/>\n\t<meta name=\"twitter:data1\" content=\"Werner Hofmann\" \/>\n\t<meta name=\"twitter:label2\" content=\"Gesch\u00e4tzte Lesezeit\" \/>\n\t<meta name=\"twitter:data2\" content=\"2\u00a0Minuten\" \/>\n<script type=\"application\/ld+json\" class=\"yoast-schema-graph\">{\"@context\":\"https:\/\/schema.org\",\"@graph\":[{\"@type\":\"Article\",\"@id\":\"https:\/\/svfvolleyball.de\/index.php\/2025\/12\/10\/am-ende-sind-es-ein-paar-fehler-zu-viel\/#article\",\"isPartOf\":{\"@id\":\"https:\/\/svfvolleyball.de\/index.php\/2025\/12\/10\/am-ende-sind-es-ein-paar-fehler-zu-viel\/\"},\"author\":{\"name\":\"Werner Hofmann\",\"@id\":\"https:\/\/svfvolleyball.de\/#\/schema\/person\/f29518a892b1579fe0c32e7f0e5f1394\"},\"headline\":\"Am Ende sind es ein paar Fehler zu viel\",\"datePublished\":\"2025-12-10T09:29:08+00:00\",\"mainEntityOfPage\":{\"@id\":\"https:\/\/svfvolleyball.de\/index.php\/2025\/12\/10\/am-ende-sind-es-ein-paar-fehler-zu-viel\/\"},\"wordCount\":363,\"publisher\":{\"@id\":\"https:\/\/svfvolleyball.de\/#organization\"},\"inLanguage\":\"de\"},{\"@type\":\"WebPage\",\"@id\":\"https:\/\/svfvolleyball.de\/index.php\/2025\/12\/10\/am-ende-sind-es-ein-paar-fehler-zu-viel\/\",\"url\":\"https:\/\/svfvolleyball.de\/index.php\/2025\/12\/10\/am-ende-sind-es-ein-paar-fehler-zu-viel\/\",\"name\":\"Am Ende sind es ein paar Fehler zu viel - SVF Volleyball\",\"isPartOf\":{\"@id\":\"https:\/\/svfvolleyball.de\/#website\"},\"datePublished\":\"2025-12-10T09:29:08+00:00\",\"breadcrumb\":{\"@id\":\"https:\/\/svfvolleyball.de\/index.php\/2025\/12\/10\/am-ende-sind-es-ein-paar-fehler-zu-viel\/#breadcrumb\"},\"inLanguage\":\"de\",\"potentialAction\":[{\"@type\":\"ReadAction\",\"target\":[\"https:\/\/svfvolleyball.de\/index.php\/2025\/12\/10\/am-ende-sind-es-ein-paar-fehler-zu-viel\/\"]}]},{\"@type\":\"BreadcrumbList\",\"@id\":\"https:\/\/svfvolleyball.de\/index.php\/2025\/12\/10\/am-ende-sind-es-ein-paar-fehler-zu-viel\/#breadcrumb\",\"itemListElement\":[{\"@type\":\"ListItem\",\"position\":1,\"name\":\"Startseite\",\"item\":\"https:\/\/svfvolleyball.de\/\"},{\"@type\":\"ListItem\",\"position\":2,\"name\":\"Am Ende sind es ein paar Fehler zu viel\"}]},{\"@type\":\"WebSite\",\"@id\":\"https:\/\/svfvolleyball.de\/#website\",\"url\":\"https:\/\/svfvolleyball.de\/\",\"name\":\"SVF Volleyball\",\"description\":\"Volleyball Regionalliga in Fellbach!\",\"publisher\":{\"@id\":\"https:\/\/svfvolleyball.de\/#organization\"},\"potentialAction\":[{\"@type\":\"SearchAction\",\"target\":{\"@type\":\"EntryPoint\",\"urlTemplate\":\"https:\/\/svfvolleyball.de\/?s={search_term_string}\"},\"query-input\":{\"@type\":\"PropertyValueSpecification\",\"valueRequired\":true,\"valueName\":\"search_term_string\"}}],\"inLanguage\":\"de\"},{\"@type\":\"Organization\",\"@id\":\"https:\/\/svfvolleyball.de\/#organization\",\"name\":\"SV Fellbach Volleyball\",\"url\":\"https:\/\/svfvolleyball.de\/\",\"logo\":{\"@type\":\"ImageObject\",\"inLanguage\":\"de\",\"@id\":\"https:\/\/svfvolleyball.de\/#\/schema\/logo\/image\/\",\"url\":\"https:\/\/svfvolleyball.de\/wp-content\/uploads\/2021\/07\/SVFV_RotesRudel.jpg\",\"contentUrl\":\"https:\/\/svfvolleyball.de\/wp-content\/uploads\/2021\/07\/SVFV_RotesRudel.jpg\",\"width\":1200,\"height\":1564,\"caption\":\"SV Fellbach Volleyball\"},\"image\":{\"@id\":\"https:\/\/svfvolleyball.de\/#\/schema\/logo\/image\/\"}},{\"@type\":\"Person\",\"@id\":\"https:\/\/svfvolleyball.de\/#\/schema\/person\/f29518a892b1579fe0c32e7f0e5f1394\",\"name\":\"Werner Hofmann\",\"image\":{\"@type\":\"ImageObject\",\"inLanguage\":\"de\",\"@id\":\"https:\/\/svfvolleyball.de\/#\/schema\/person\/image\/\",\"url\":\"https:\/\/secure.gravatar.com\/avatar\/fa7d6c333324c59e0b9fe983c02164b2?s=96&d=mm&r=g\",\"contentUrl\":\"https:\/\/secure.gravatar.com\/avatar\/fa7d6c333324c59e0b9fe983c02164b2?s=96&d=mm&r=g\",\"caption\":\"Werner Hofmann\"},\"url\":\"https:\/\/svfvolleyball.de\/index.php\/author\/svfhofmann\/\"}]}<\/script>\n<!-- \/ Yoast SEO plugin. -->","yoast_head_json":{"title":"Am Ende sind es ein paar Fehler zu viel - SVF Volleyball","robots":{"index":"index","follow":"follow","max-snippet":"max-snippet:-1","max-image-preview":"max-image-preview:large","max-video-preview":"max-video-preview:-1"},"canonical":"https:\/\/svfvolleyball.de\/index.php\/2025\/12\/10\/am-ende-sind-es-ein-paar-fehler-zu-viel\/","twitter_misc":{"Verfasst von":"Werner Hofmann","Gesch\u00e4tzte Lesezeit":"2\u00a0Minuten"},"schema":{"@context":"https:\/\/schema.org","@graph":[{"@type":"Article","@id":"https:\/\/svfvolleyball.de\/index.php\/2025\/12\/10\/am-ende-sind-es-ein-paar-fehler-zu-viel\/#article","isPartOf":{"@id":"https:\/\/svfvolleyball.de\/index.php\/2025\/12\/10\/am-ende-sind-es-ein-paar-fehler-zu-viel\/"},"author":{"name":"Werner Hofmann","@id":"https:\/\/svfvolleyball.de\/#\/schema\/person\/f29518a892b1579fe0c32e7f0e5f1394"},"headline":"Am Ende sind es ein paar Fehler zu viel","datePublished":"2025-12-10T09:29:08+00:00","mainEntityOfPage":{"@id":"https:\/\/svfvolleyball.de\/index.php\/2025\/12\/10\/am-ende-sind-es-ein-paar-fehler-zu-viel\/"},"wordCount":363,"publisher":{"@id":"https:\/\/svfvolleyball.de\/#organization"},"inLanguage":"de"},{"@type":"WebPage","@id":"https:\/\/svfvolleyball.de\/index.php\/2025\/12\/10\/am-ende-sind-es-ein-paar-fehler-zu-viel\/","url":"https:\/\/svfvolleyball.de\/index.php\/2025\/12\/10\/am-ende-sind-es-ein-paar-fehler-zu-viel\/","name":"Am Ende sind es ein paar Fehler zu viel - SVF Volleyball","isPartOf":{"@id":"https:\/\/svfvolleyball.de\/#website"},"datePublished":"2025-12-10T09:29:08+00:00","breadcrumb":{"@id":"https:\/\/svfvolleyball.de\/index.php\/2025\/12\/10\/am-ende-sind-es-ein-paar-fehler-zu-viel\/#breadcrumb"},"inLanguage":"de","potentialAction":[{"@type":"ReadAction","target":["https:\/\/svfvolleyball.de\/index.php\/2025\/12\/10\/am-ende-sind-es-ein-paar-fehler-zu-viel\/"]}]},{"@type":"BreadcrumbList","@id":"https:\/\/svfvolleyball.de\/index.php\/2025\/12\/10\/am-ende-sind-es-ein-paar-fehler-zu-viel\/#breadcrumb","itemListElement":[{"@type":"ListItem","position":1,"name":"Startseite","item":"https:\/\/svfvolleyball.de\/"},{"@type":"ListItem","position":2,"name":"Am Ende sind es ein paar Fehler zu viel"}]},{"@type":"WebSite","@id":"https:\/\/svfvolleyball.de\/#website","url":"https:\/\/svfvolleyball.de\/","name":"SVF Volleyball","description":"Volleyball Regionalliga in Fellbach!","publisher":{"@id":"https:\/\/svfvolleyball.de\/#organization"},"potentialAction":[{"@type":"SearchAction","target":{"@type":"EntryPoint","urlTemplate":"https:\/\/svfvolleyball.de\/?s={search_term_string}"},"query-input":{"@type":"PropertyValueSpecification","valueRequired":true,"valueName":"search_term_string"}}],"inLanguage":"de"},{"@type":"Organization","@id":"https:\/\/svfvolleyball.de\/#organization","name":"SV Fellbach Volleyball","url":"https:\/\/svfvolleyball.de\/","logo":{"@type":"ImageObject","inLanguage":"de","@id":"https:\/\/svfvolleyball.de\/#\/schema\/logo\/image\/","url":"https:\/\/svfvolleyball.de\/wp-content\/uploads\/2021\/07\/SVFV_RotesRudel.jpg","contentUrl":"https:\/\/svfvolleyball.de\/wp-content\/uploads\/2021\/07\/SVFV_RotesRudel.jpg","width":1200,"height":1564,"caption":"SV Fellbach Volleyball"},"image":{"@id":"https:\/\/svfvolleyball.de\/#\/schema\/logo\/image\/"}},{"@type":"Person","@id":"https:\/\/svfvolleyball.de\/#\/schema\/person\/f29518a892b1579fe0c32e7f0e5f1394","name":"Werner Hofmann","image":{"@type":"ImageObject","inLanguage":"de","@id":"https:\/\/svfvolleyball.de\/#\/schema\/person\/image\/","url":"https:\/\/secure.gravatar.com\/avatar\/fa7d6c333324c59e0b9fe983c02164b2?s=96&d=mm&r=g","contentUrl":"https:\/\/secure.gravatar.com\/avatar\/fa7d6c333324c59e0b9fe983c02164b2?s=96&d=mm&r=g","caption":"Werner Hofmann"},"url":"https:\/\/svfvolleyball.de\/index.php\/author\/svfhofmann\/"}]}},"_links":{"self":[{"href":"https:\/\/svfvolleyball.de\/index.php\/wp-json\/wp\/v2\/posts\/8485","targetHints":{"allow":["GET"]}}],"collection":[{"href":"https:\/\/svfvolleyball.de\/index.php\/wp-json\/wp\/v2\/posts"}],"about":[{"href":"https:\/\/svfvolleyball.de\/index.php\/wp-json\/wp\/v2\/types\/post"}],"author":[{"embeddable":true,"href":"https:\/\/svfvolleyball.de\/index.php\/wp-json\/wp\/v2\/users\/6"}],"replies":[{"embeddable":true,"href":"https:\/\/svfvolleyball.de\/index.php\/wp-json\/wp\/v2\/comments?post=8485"}],"version-history":[{"count":2,"href":"https:\/\/svfvolleyball.de\/index.php\/wp-json\/wp\/v2\/posts\/8485\/revisions"}],"predecessor-version":[{"id":8487,"href":"https:\/\/svfvolleyball.de\/index.php\/wp-json\/wp\/v2\/posts\/8485\/revisions\/8487"}],"wp:attachment":[{"href":"https:\/\/svfvolleyball.de\/index.php\/wp-json\/wp\/v2\/media?parent=8485"}],"wp:term":[{"taxonomy":"category","embeddable":true,"href":"https:\/\/svfvolleyball.de\/index.php\/wp-json\/wp\/v2\/categories?post=8485"},{"taxonomy":"post_tag","embeddable":true,"href":"https:\/\/svfvolleyball.de\/index.php\/wp-json\/wp\/v2\/tags?post=8485"}],"curies":[{"name":"wp","href":"https:\/\/api.w.org\/{rel}","templated":true}]}}