
{"id":8482,"date":"2025-12-09T07:25:50","date_gmt":"2025-12-09T06:25:50","guid":{"rendered":"https:\/\/svfvolleyball.de\/?p=8482"},"modified":"2025-12-09T07:25:51","modified_gmt":"2025-12-09T06:25:51","slug":"sechster-sieg-und-dritter-tabellenplatz","status":"publish","type":"post","link":"https:\/\/svfvolleyball.de\/index.php\/2025\/12\/09\/sechster-sieg-und-dritter-tabellenplatz\/","title":{"rendered":"Sechster Sieg und dritter Tabellenplatz"},"content":{"rendered":"\n<p><strong>Die Volleyballerinnen des SV Fellbach gewinnen gegen den Tabellenf\u00fchrer VSG Ettlingen\/R\u00fcppurr mit 3:2.<\/strong><\/p>\n\n\n\n<p>Die Stimmung bei den Regionalliga-Volleyballerinnen des SV Fellbach k\u00f6nnte aktuell kaum besser sein. Nicht nur, dass das Team um den Trainer Jonas Hanenberg nach acht Spieltagen bereits 17 Punkte auf dem Konto hat und den dritten Tabellenplatz belegt, am Samstag gewannen die Fellbacherinnen vor rund 50 Zuschauern in der G\u00e4u\u00e4ckerhalle I auch noch gegen den Spitzenreiter VSG Ettlingen\/R\u00fcppurr mit 3:2 (23:25, 26:19, 25:16, 18:25, 15:13). \u201eDas war schon richtig gut\u201c, sagt der Coach.<\/p>\n\n\n\n<p>Im ersten Durchgang hatten die Fellbacherinnen noch Probleme mit der Annahme gehabt und waren auch zu verhalten im Aufschlag, weshalb der Satz knapp an die G\u00e4ste ging. \u201eDie Probleme hatten wir danach aber im Griff\u201c, sagt Hanenberg. Lediglich im vierten Satz war das Spiel seines Teams nicht ganz so pr\u00e4zise. Aber auch diese Schw\u00e4chephase tat dem Spiel der Fellbacherinnen, die diesmal unter anderen auf die erkrankte Lena G\u00fcnther verzichten mussten, keinen Abbruch. Im entscheidenden Satz lieferten sie wieder gute Aufschlagserien ab, spielten unaufgeregt und konzentriert und konnten so nach 121 Minuten den sechsten Saisonerfolg bejubeln.<\/p>\n\n\n\n<p>Zur wertvollsten Spielerin aufseiten der siegreichen Gastgeberinnen wurde Pauline Schlotfeldt gew\u00e4hlt. Die Au\u00dfenannahme-Spielerin hat nicht nur mit guten Aufschl\u00e4gen bestochen, sondern im Angriff auch immer wieder gute L\u00f6sungen gefunden. \u201ePauline hatte viele smarte Aktionen\u201c, sagt Hanenberg. Bei den G\u00e4sten \u00fcberzeugte derweil vor allem die Libera Alena Granget. \u201eSie hat unglaublich viele B\u00e4lle verteidigt, sodass wir manchmal vier oder f\u00fcnf Anl\u00e4ufe gebraucht haben, um den Punkt zu machen\u201c, sagt der Fellbacher Trainer.<\/p>\n\n\n\n<p>Am kommenden Samstag, 18 Uhr, bestreiten die Fellbacherinnen ihre letztes Spiel im Jahr 2025. Und es ist erneut ein Spitzenspiel. Diesmal ist der Tabellendritte zu Gast beim nur einen Z\u00e4hler besseren Tabellenzweiten TV Rottenburg.<\/p>\n\n\n\n<p>\u2009\u2009 SV Fellbach: Kraft, Javanshad, St\u00fcckelmaier, Schlotfeldt, Metzger, Nadine Rohde, K\u00f6ssinger, Maurer, L\u00fcbke, Wegenast, Reichle.<\/p>\n\n\n\n<p><strong>Susanne Degel   Fellbacher Zeitung<\/strong><\/p>\n\n\n\n<p><\/p>\n","protected":false},"excerpt":{"rendered":"<p>Die Volleyballerinnen des SV Fellbach gewinnen gegen den Tabellenf\u00fchrer VSG Ettlingen\/R\u00fcppurr mit 3:2. Die Stimmung bei den Regionalliga-Volleyballerinnen des SV Fellbach k\u00f6nnte aktuell kaum besser sein. Nicht nur, dass das Team um den Trainer Jonas Hanenberg nach acht Spieltagen bereits 17 Punkte auf dem Konto hat und den dritten Tabellenplatz belegt, am Samstag gewannen die [&hellip;]<\/p>\n","protected":false},"author":6,"featured_media":0,"comment_status":"closed","ping_status":"open","sticky":false,"template":"","format":"standard","meta":{"inline_featured_image":false,"footnotes":""},"categories":[1],"tags":[],"class_list":["post-8482","post","type-post","status-publish","format-standard","hentry","category-allgemein"],"yoast_head":"<!-- This site is optimized with the Yoast SEO plugin v26.1.1 - https:\/\/yoast.com\/wordpress\/plugins\/seo\/ -->\n<title>Sechster Sieg und dritter Tabellenplatz - SVF Volleyball<\/title>\n<meta name=\"robots\" content=\"index, follow, max-snippet:-1, max-image-preview:large, max-video-preview:-1\" \/>\n<link rel=\"canonical\" href=\"https:\/\/svfvolleyball.de\/index.php\/2025\/12\/09\/sechster-sieg-und-dritter-tabellenplatz\/\" \/>\n<meta name=\"twitter:label1\" content=\"Verfasst von\" \/>\n\t<meta name=\"twitter:data1\" content=\"Werner Hofmann\" \/>\n\t<meta name=\"twitter:label2\" content=\"Gesch\u00e4tzte Lesezeit\" \/>\n\t<meta name=\"twitter:data2\" content=\"2\u00a0Minuten\" \/>\n<script type=\"application\/ld+json\" class=\"yoast-schema-graph\">{\"@context\":\"https:\/\/schema.org\",\"@graph\":[{\"@type\":\"Article\",\"@id\":\"https:\/\/svfvolleyball.de\/index.php\/2025\/12\/09\/sechster-sieg-und-dritter-tabellenplatz\/#article\",\"isPartOf\":{\"@id\":\"https:\/\/svfvolleyball.de\/index.php\/2025\/12\/09\/sechster-sieg-und-dritter-tabellenplatz\/\"},\"author\":{\"name\":\"Werner Hofmann\",\"@id\":\"https:\/\/svfvolleyball.de\/#\/schema\/person\/f29518a892b1579fe0c32e7f0e5f1394\"},\"headline\":\"Sechster Sieg und dritter Tabellenplatz\",\"datePublished\":\"2025-12-09T06:25:50+00:00\",\"dateModified\":\"2025-12-09T06:25:51+00:00\",\"mainEntityOfPage\":{\"@id\":\"https:\/\/svfvolleyball.de\/index.php\/2025\/12\/09\/sechster-sieg-und-dritter-tabellenplatz\/\"},\"wordCount\":321,\"publisher\":{\"@id\":\"https:\/\/svfvolleyball.de\/#organization\"},\"inLanguage\":\"de\"},{\"@type\":\"WebPage\",\"@id\":\"https:\/\/svfvolleyball.de\/index.php\/2025\/12\/09\/sechster-sieg-und-dritter-tabellenplatz\/\",\"url\":\"https:\/\/svfvolleyball.de\/index.php\/2025\/12\/09\/sechster-sieg-und-dritter-tabellenplatz\/\",\"name\":\"Sechster Sieg und dritter Tabellenplatz - SVF Volleyball\",\"isPartOf\":{\"@id\":\"https:\/\/svfvolleyball.de\/#website\"},\"datePublished\":\"2025-12-09T06:25:50+00:00\",\"dateModified\":\"2025-12-09T06:25:51+00:00\",\"breadcrumb\":{\"@id\":\"https:\/\/svfvolleyball.de\/index.php\/2025\/12\/09\/sechster-sieg-und-dritter-tabellenplatz\/#breadcrumb\"},\"inLanguage\":\"de\",\"potentialAction\":[{\"@type\":\"ReadAction\",\"target\":[\"https:\/\/svfvolleyball.de\/index.php\/2025\/12\/09\/sechster-sieg-und-dritter-tabellenplatz\/\"]}]},{\"@type\":\"BreadcrumbList\",\"@id\":\"https:\/\/svfvolleyball.de\/index.php\/2025\/12\/09\/sechster-sieg-und-dritter-tabellenplatz\/#breadcrumb\",\"itemListElement\":[{\"@type\":\"ListItem\",\"position\":1,\"name\":\"Startseite\",\"item\":\"https:\/\/svfvolleyball.de\/\"},{\"@type\":\"ListItem\",\"position\":2,\"name\":\"Sechster Sieg und dritter Tabellenplatz\"}]},{\"@type\":\"WebSite\",\"@id\":\"https:\/\/svfvolleyball.de\/#website\",\"url\":\"https:\/\/svfvolleyball.de\/\",\"name\":\"SVF Volleyball\",\"description\":\"Volleyball Regionalliga in Fellbach!\",\"publisher\":{\"@id\":\"https:\/\/svfvolleyball.de\/#organization\"},\"potentialAction\":[{\"@type\":\"SearchAction\",\"target\":{\"@type\":\"EntryPoint\",\"urlTemplate\":\"https:\/\/svfvolleyball.de\/?s={search_term_string}\"},\"query-input\":{\"@type\":\"PropertyValueSpecification\",\"valueRequired\":true,\"valueName\":\"search_term_string\"}}],\"inLanguage\":\"de\"},{\"@type\":\"Organization\",\"@id\":\"https:\/\/svfvolleyball.de\/#organization\",\"name\":\"SV Fellbach Volleyball\",\"url\":\"https:\/\/svfvolleyball.de\/\",\"logo\":{\"@type\":\"ImageObject\",\"inLanguage\":\"de\",\"@id\":\"https:\/\/svfvolleyball.de\/#\/schema\/logo\/image\/\",\"url\":\"https:\/\/svfvolleyball.de\/wp-content\/uploads\/2021\/07\/SVFV_RotesRudel.jpg\",\"contentUrl\":\"https:\/\/svfvolleyball.de\/wp-content\/uploads\/2021\/07\/SVFV_RotesRudel.jpg\",\"width\":1200,\"height\":1564,\"caption\":\"SV Fellbach Volleyball\"},\"image\":{\"@id\":\"https:\/\/svfvolleyball.de\/#\/schema\/logo\/image\/\"}},{\"@type\":\"Person\",\"@id\":\"https:\/\/svfvolleyball.de\/#\/schema\/person\/f29518a892b1579fe0c32e7f0e5f1394\",\"name\":\"Werner Hofmann\",\"image\":{\"@type\":\"ImageObject\",\"inLanguage\":\"de\",\"@id\":\"https:\/\/svfvolleyball.de\/#\/schema\/person\/image\/\",\"url\":\"https:\/\/secure.gravatar.com\/avatar\/fa7d6c333324c59e0b9fe983c02164b2?s=96&d=mm&r=g\",\"contentUrl\":\"https:\/\/secure.gravatar.com\/avatar\/fa7d6c333324c59e0b9fe983c02164b2?s=96&d=mm&r=g\",\"caption\":\"Werner Hofmann\"},\"url\":\"https:\/\/svfvolleyball.de\/index.php\/author\/svfhofmann\/\"}]}<\/script>\n<!-- \/ Yoast SEO plugin. -->","yoast_head_json":{"title":"Sechster Sieg und dritter Tabellenplatz - SVF Volleyball","robots":{"index":"index","follow":"follow","max-snippet":"max-snippet:-1","max-image-preview":"max-image-preview:large","max-video-preview":"max-video-preview:-1"},"canonical":"https:\/\/svfvolleyball.de\/index.php\/2025\/12\/09\/sechster-sieg-und-dritter-tabellenplatz\/","twitter_misc":{"Verfasst von":"Werner Hofmann","Gesch\u00e4tzte Lesezeit":"2\u00a0Minuten"},"schema":{"@context":"https:\/\/schema.org","@graph":[{"@type":"Article","@id":"https:\/\/svfvolleyball.de\/index.php\/2025\/12\/09\/sechster-sieg-und-dritter-tabellenplatz\/#article","isPartOf":{"@id":"https:\/\/svfvolleyball.de\/index.php\/2025\/12\/09\/sechster-sieg-und-dritter-tabellenplatz\/"},"author":{"name":"Werner Hofmann","@id":"https:\/\/svfvolleyball.de\/#\/schema\/person\/f29518a892b1579fe0c32e7f0e5f1394"},"headline":"Sechster Sieg und dritter Tabellenplatz","datePublished":"2025-12-09T06:25:50+00:00","dateModified":"2025-12-09T06:25:51+00:00","mainEntityOfPage":{"@id":"https:\/\/svfvolleyball.de\/index.php\/2025\/12\/09\/sechster-sieg-und-dritter-tabellenplatz\/"},"wordCount":321,"publisher":{"@id":"https:\/\/svfvolleyball.de\/#organization"},"inLanguage":"de"},{"@type":"WebPage","@id":"https:\/\/svfvolleyball.de\/index.php\/2025\/12\/09\/sechster-sieg-und-dritter-tabellenplatz\/","url":"https:\/\/svfvolleyball.de\/index.php\/2025\/12\/09\/sechster-sieg-und-dritter-tabellenplatz\/","name":"Sechster Sieg und dritter Tabellenplatz - SVF Volleyball","isPartOf":{"@id":"https:\/\/svfvolleyball.de\/#website"},"datePublished":"2025-12-09T06:25:50+00:00","dateModified":"2025-12-09T06:25:51+00:00","breadcrumb":{"@id":"https:\/\/svfvolleyball.de\/index.php\/2025\/12\/09\/sechster-sieg-und-dritter-tabellenplatz\/#breadcrumb"},"inLanguage":"de","potentialAction":[{"@type":"ReadAction","target":["https:\/\/svfvolleyball.de\/index.php\/2025\/12\/09\/sechster-sieg-und-dritter-tabellenplatz\/"]}]},{"@type":"BreadcrumbList","@id":"https:\/\/svfvolleyball.de\/index.php\/2025\/12\/09\/sechster-sieg-und-dritter-tabellenplatz\/#breadcrumb","itemListElement":[{"@type":"ListItem","position":1,"name":"Startseite","item":"https:\/\/svfvolleyball.de\/"},{"@type":"ListItem","position":2,"name":"Sechster Sieg und dritter Tabellenplatz"}]},{"@type":"WebSite","@id":"https:\/\/svfvolleyball.de\/#website","url":"https:\/\/svfvolleyball.de\/","name":"SVF Volleyball","description":"Volleyball Regionalliga in Fellbach!","publisher":{"@id":"https:\/\/svfvolleyball.de\/#organization"},"potentialAction":[{"@type":"SearchAction","target":{"@type":"EntryPoint","urlTemplate":"https:\/\/svfvolleyball.de\/?s={search_term_string}"},"query-input":{"@type":"PropertyValueSpecification","valueRequired":true,"valueName":"search_term_string"}}],"inLanguage":"de"},{"@type":"Organization","@id":"https:\/\/svfvolleyball.de\/#organization","name":"SV Fellbach Volleyball","url":"https:\/\/svfvolleyball.de\/","logo":{"@type":"ImageObject","inLanguage":"de","@id":"https:\/\/svfvolleyball.de\/#\/schema\/logo\/image\/","url":"https:\/\/svfvolleyball.de\/wp-content\/uploads\/2021\/07\/SVFV_RotesRudel.jpg","contentUrl":"https:\/\/svfvolleyball.de\/wp-content\/uploads\/2021\/07\/SVFV_RotesRudel.jpg","width":1200,"height":1564,"caption":"SV Fellbach Volleyball"},"image":{"@id":"https:\/\/svfvolleyball.de\/#\/schema\/logo\/image\/"}},{"@type":"Person","@id":"https:\/\/svfvolleyball.de\/#\/schema\/person\/f29518a892b1579fe0c32e7f0e5f1394","name":"Werner Hofmann","image":{"@type":"ImageObject","inLanguage":"de","@id":"https:\/\/svfvolleyball.de\/#\/schema\/person\/image\/","url":"https:\/\/secure.gravatar.com\/avatar\/fa7d6c333324c59e0b9fe983c02164b2?s=96&d=mm&r=g","contentUrl":"https:\/\/secure.gravatar.com\/avatar\/fa7d6c333324c59e0b9fe983c02164b2?s=96&d=mm&r=g","caption":"Werner Hofmann"},"url":"https:\/\/svfvolleyball.de\/index.php\/author\/svfhofmann\/"}]}},"_links":{"self":[{"href":"https:\/\/svfvolleyball.de\/index.php\/wp-json\/wp\/v2\/posts\/8482","targetHints":{"allow":["GET"]}}],"collection":[{"href":"https:\/\/svfvolleyball.de\/index.php\/wp-json\/wp\/v2\/posts"}],"about":[{"href":"https:\/\/svfvolleyball.de\/index.php\/wp-json\/wp\/v2\/types\/post"}],"author":[{"embeddable":true,"href":"https:\/\/svfvolleyball.de\/index.php\/wp-json\/wp\/v2\/users\/6"}],"replies":[{"embeddable":true,"href":"https:\/\/svfvolleyball.de\/index.php\/wp-json\/wp\/v2\/comments?post=8482"}],"version-history":[{"count":2,"href":"https:\/\/svfvolleyball.de\/index.php\/wp-json\/wp\/v2\/posts\/8482\/revisions"}],"predecessor-version":[{"id":8484,"href":"https:\/\/svfvolleyball.de\/index.php\/wp-json\/wp\/v2\/posts\/8482\/revisions\/8484"}],"wp:attachment":[{"href":"https:\/\/svfvolleyball.de\/index.php\/wp-json\/wp\/v2\/media?parent=8482"}],"wp:term":[{"taxonomy":"category","embeddable":true,"href":"https:\/\/svfvolleyball.de\/index.php\/wp-json\/wp\/v2\/categories?post=8482"},{"taxonomy":"post_tag","embeddable":true,"href":"https:\/\/svfvolleyball.de\/index.php\/wp-json\/wp\/v2\/tags?post=8482"}],"curies":[{"name":"wp","href":"https:\/\/api.w.org\/{rel}","templated":true}]}}