
{"id":8367,"date":"2025-07-17T15:23:43","date_gmt":"2025-07-17T13:23:43","guid":{"rendered":"https:\/\/svfvolleyball.de\/?p=8367"},"modified":"2025-07-17T15:23:43","modified_gmt":"2025-07-17T13:23:43","slug":"im-kader-steht-nun-auch-eine-nationalspielerin","status":"publish","type":"post","link":"https:\/\/svfvolleyball.de\/index.php\/2025\/07\/17\/im-kader-steht-nun-auch-eine-nationalspielerin\/","title":{"rendered":"Im Kader steht nun auch eine Nationalspielerin"},"content":{"rendered":"\n<figure class=\"wp-block-image size-full is-resized\"><img loading=\"lazy\" decoding=\"async\" width=\"512\" height=\"314\" src=\"https:\/\/svfvolleyball.de\/wp-content\/uploads\/2025\/07\/image.png\" alt=\"\" class=\"wp-image-8368\" style=\"width:840px;height:auto\" srcset=\"https:\/\/svfvolleyball.de\/wp-content\/uploads\/2025\/07\/image.png 512w, https:\/\/svfvolleyball.de\/wp-content\/uploads\/2025\/07\/image-300x184.png 300w, https:\/\/svfvolleyball.de\/wp-content\/uploads\/2025\/07\/image-128x79.png 128w, https:\/\/svfvolleyball.de\/wp-content\/uploads\/2025\/07\/image-32x20.png 32w\" sizes=\"auto, (max-width: 512px) 100vw, 512px\" \/><\/figure>\n\n\n\n<p>Anna Metzger und die SVF-Volleyballerinnen bereiten sich auf die neue Runde vor. Foto: privat<\/p>\n\n\n\n<h2 class=\"wp-block-heading\"><strong>Die Volleyballerinnen des SVF bereiten sich auf die neue Regionalliga-Saison vor. Im Kader um den Trainer Jonas Hanenberg sind auch drei neue Spielerinnen.<\/strong><\/h2>\n\n\n\n<p>Etwas mehr als elf Wochen sind es noch, bis die Volleyballerinnen des SV Fellbach mit dem Ausw\u00e4rtsspiel beim Aufsteiger TG Bad Waldsee (4. Oktober, 19 Uhr) in die neue Regionalliga-Saison starten. Bereits seit Mitte Juni bereiten sich die 14 Spielerinnen und ihr Trainer Jonas Hanenberg auf die neue Spielzeit vor \u2013 mit drei Einheiten in der Woche (zweimal Athletik, einmal mit dem Volleyball). Ende August haben die Spielerinnen um Anna Metzger zwar noch einmal eine Woche frei, ansonsten aber steht das Programm bis zum Pflichtspielauftakt mit Testspielen, einem Trainingslager und mit dem vereinseigenen Turnier in der G\u00e4u\u00e4ckerhalle I am ersten September-Wochenende. \u201eDas Athletiktraining leitet unser Physiotherapeut Daniel Burghard sehr gewissenhaft. Wir wollen schon im Vorfeld alles M\u00f6gliche tun, um schwere Verletzungen zu vermeiden\u201c, sagt Hanenberg.<\/p>\n\n\n\n<p>Die Personalplanungen f\u00fcr die neue Spielzeit sind bereits jetzt abgeschlossen. Die langj\u00e4hrige Kapit\u00e4nin Leonie Durst (geborene Laissle) sowie Sabrina Berg haben das Team verlassen. Beide haben ihre Laufbahn beendet und sind beim letzten Heimspiel der vergangenen Runde gegen den MTV Ludwigsburg II geb\u00fchrend verabschiedet worden. Au\u00dfer den beiden ist der Kader der vergangenen Runde zusammengeblieben. Neu verpflichtet wurden gleich drei Spielerinnen, die allesamt als echte Verst\u00e4rkungen angesehen werden k\u00f6nnen. Da w\u00e4re zum einen Lena L\u00fcbke, eine 20 Jahre alte Au\u00dfenangreiferin vom Ligarivalen TSF Ditzingen. Vor zwei Jahren war sie vom ASV Botnang ins Strohg\u00e4u gewechselt und hatte sich dort zuletzt zu einer hoffnungsvollen Regionalligaspielerin entwickelt. Eine Klasse h\u00f6her, in der dritten Liga S\u00fcd, war in der vergangenen Saison Lena G\u00fcnther aktiv. Die 26-j\u00e4hrige Au\u00dfenangreiferin mit 1,83 Meter K\u00f6rperl\u00e4nge spielte vor ihrem Gastspiel beim TSV Georgii Allianz auf den Fildern gleich bei drei Zweitliga-Klubs: Barockvolleys MTV Ludwigsburg, SV Karlsruhe-Beiertheim und MTV Allianz Stuttgart II.<\/p>\n\n\n\n<p>Noch gr\u00f6\u00dfere sportliche Meriten, n\u00e4mlich Eins\u00e4tze in der Nationalmannschaft ihres Heimatlandes, bringt die Kosovarin Elvira Bajrakari, 26, mit. \u201eSie arbeitet in Schorndorf und hat sich bei uns gemeldet, weil sie nach einer sportliche Pause wieder richtig angreifen m\u00f6chte\u201c, sagt Jonas Hanenberg.<\/p>\n\n\n\n<p>Die 1,88 Meter gro\u00dfe Mittelblockerin war in der Saison 2020\/2021 mit dem KV Drita Gjilan kosovarische Meisterin geworden und spielte von 2016 bis 2021 im Nationalteam. Mit diesem nahm sie unter anderem auch bei der Europameisterschaftsqualifikation teil. \u201eMit den drei Neuen steht unser Kader, wir sind auf allen Positionen mit zwei oder drei Spielerinnen gut besetzt\u201c, sagt der Fellbacher Trainer.<\/p>\n\n\n\n<p>Das erste Saison-Heimspiel in der G\u00e4u\u00e4ckerhalle I werden die Fellbacherinnen am Samstag, 11. Oktober, 20 Uhr, gegen den FV T\u00fcbinger Modell bestreiten. Wohin die sportliche Reise in der neuen Spielzeit gehen soll, d\u00fcrfte nach Beendigung der Vorbereitung ziemlich klar sein. Schon jetzt gibt sich Jonas Hanenberg sehr optimistisch.<\/p>\n\n\n\n<p><strong>Harald Landwehr   Fellbacher Zeitung<\/strong><\/p>\n\n\n\n<p><\/p>\n","protected":false},"excerpt":{"rendered":"<p>Anna Metzger und die SVF-Volleyballerinnen bereiten sich auf die neue Runde vor. Foto: privat Die Volleyballerinnen des SVF bereiten sich auf die neue Regionalliga-Saison vor. Im Kader um den Trainer Jonas Hanenberg sind auch drei neue Spielerinnen. Etwas mehr als elf Wochen sind es noch, bis die Volleyballerinnen des SV Fellbach mit dem Ausw\u00e4rtsspiel beim [&hellip;]<\/p>\n","protected":false},"author":6,"featured_media":0,"comment_status":"closed","ping_status":"open","sticky":false,"template":"","format":"standard","meta":{"inline_featured_image":false,"footnotes":""},"categories":[1],"tags":[],"class_list":["post-8367","post","type-post","status-publish","format-standard","hentry","category-allgemein"],"yoast_head":"<!-- This site is optimized with the Yoast SEO plugin v26.1.1 - https:\/\/yoast.com\/wordpress\/plugins\/seo\/ -->\n<title>Im Kader steht nun auch eine Nationalspielerin - SVF Volleyball<\/title>\n<meta name=\"robots\" content=\"index, follow, max-snippet:-1, max-image-preview:large, max-video-preview:-1\" \/>\n<link rel=\"canonical\" href=\"https:\/\/svfvolleyball.de\/index.php\/2025\/07\/17\/im-kader-steht-nun-auch-eine-nationalspielerin\/\" \/>\n<meta name=\"twitter:label1\" content=\"Verfasst von\" \/>\n\t<meta name=\"twitter:data1\" content=\"Werner Hofmann\" \/>\n\t<meta name=\"twitter:label2\" content=\"Gesch\u00e4tzte Lesezeit\" \/>\n\t<meta name=\"twitter:data2\" content=\"2\u00a0Minuten\" \/>\n<script type=\"application\/ld+json\" class=\"yoast-schema-graph\">{\"@context\":\"https:\/\/schema.org\",\"@graph\":[{\"@type\":\"Article\",\"@id\":\"https:\/\/svfvolleyball.de\/index.php\/2025\/07\/17\/im-kader-steht-nun-auch-eine-nationalspielerin\/#article\",\"isPartOf\":{\"@id\":\"https:\/\/svfvolleyball.de\/index.php\/2025\/07\/17\/im-kader-steht-nun-auch-eine-nationalspielerin\/\"},\"author\":{\"name\":\"Werner Hofmann\",\"@id\":\"https:\/\/svfvolleyball.de\/#\/schema\/person\/f29518a892b1579fe0c32e7f0e5f1394\"},\"headline\":\"Im Kader steht nun auch eine Nationalspielerin\",\"datePublished\":\"2025-07-17T13:23:43+00:00\",\"mainEntityOfPage\":{\"@id\":\"https:\/\/svfvolleyball.de\/index.php\/2025\/07\/17\/im-kader-steht-nun-auch-eine-nationalspielerin\/\"},\"wordCount\":493,\"publisher\":{\"@id\":\"https:\/\/svfvolleyball.de\/#organization\"},\"image\":{\"@id\":\"https:\/\/svfvolleyball.de\/index.php\/2025\/07\/17\/im-kader-steht-nun-auch-eine-nationalspielerin\/#primaryimage\"},\"thumbnailUrl\":\"https:\/\/svfvolleyball.de\/wp-content\/uploads\/2025\/07\/image.png\",\"inLanguage\":\"de\"},{\"@type\":\"WebPage\",\"@id\":\"https:\/\/svfvolleyball.de\/index.php\/2025\/07\/17\/im-kader-steht-nun-auch-eine-nationalspielerin\/\",\"url\":\"https:\/\/svfvolleyball.de\/index.php\/2025\/07\/17\/im-kader-steht-nun-auch-eine-nationalspielerin\/\",\"name\":\"Im Kader steht nun auch eine Nationalspielerin - SVF Volleyball\",\"isPartOf\":{\"@id\":\"https:\/\/svfvolleyball.de\/#website\"},\"primaryImageOfPage\":{\"@id\":\"https:\/\/svfvolleyball.de\/index.php\/2025\/07\/17\/im-kader-steht-nun-auch-eine-nationalspielerin\/#primaryimage\"},\"image\":{\"@id\":\"https:\/\/svfvolleyball.de\/index.php\/2025\/07\/17\/im-kader-steht-nun-auch-eine-nationalspielerin\/#primaryimage\"},\"thumbnailUrl\":\"https:\/\/svfvolleyball.de\/wp-content\/uploads\/2025\/07\/image.png\",\"datePublished\":\"2025-07-17T13:23:43+00:00\",\"breadcrumb\":{\"@id\":\"https:\/\/svfvolleyball.de\/index.php\/2025\/07\/17\/im-kader-steht-nun-auch-eine-nationalspielerin\/#breadcrumb\"},\"inLanguage\":\"de\",\"potentialAction\":[{\"@type\":\"ReadAction\",\"target\":[\"https:\/\/svfvolleyball.de\/index.php\/2025\/07\/17\/im-kader-steht-nun-auch-eine-nationalspielerin\/\"]}]},{\"@type\":\"ImageObject\",\"inLanguage\":\"de\",\"@id\":\"https:\/\/svfvolleyball.de\/index.php\/2025\/07\/17\/im-kader-steht-nun-auch-eine-nationalspielerin\/#primaryimage\",\"url\":\"https:\/\/svfvolleyball.de\/wp-content\/uploads\/2025\/07\/image.png\",\"contentUrl\":\"https:\/\/svfvolleyball.de\/wp-content\/uploads\/2025\/07\/image.png\",\"width\":512,\"height\":314},{\"@type\":\"BreadcrumbList\",\"@id\":\"https:\/\/svfvolleyball.de\/index.php\/2025\/07\/17\/im-kader-steht-nun-auch-eine-nationalspielerin\/#breadcrumb\",\"itemListElement\":[{\"@type\":\"ListItem\",\"position\":1,\"name\":\"Startseite\",\"item\":\"https:\/\/svfvolleyball.de\/\"},{\"@type\":\"ListItem\",\"position\":2,\"name\":\"Im Kader steht nun auch eine Nationalspielerin\"}]},{\"@type\":\"WebSite\",\"@id\":\"https:\/\/svfvolleyball.de\/#website\",\"url\":\"https:\/\/svfvolleyball.de\/\",\"name\":\"SVF Volleyball\",\"description\":\"Volleyball Regionalliga in Fellbach!\",\"publisher\":{\"@id\":\"https:\/\/svfvolleyball.de\/#organization\"},\"potentialAction\":[{\"@type\":\"SearchAction\",\"target\":{\"@type\":\"EntryPoint\",\"urlTemplate\":\"https:\/\/svfvolleyball.de\/?s={search_term_string}\"},\"query-input\":{\"@type\":\"PropertyValueSpecification\",\"valueRequired\":true,\"valueName\":\"search_term_string\"}}],\"inLanguage\":\"de\"},{\"@type\":\"Organization\",\"@id\":\"https:\/\/svfvolleyball.de\/#organization\",\"name\":\"SV Fellbach Volleyball\",\"url\":\"https:\/\/svfvolleyball.de\/\",\"logo\":{\"@type\":\"ImageObject\",\"inLanguage\":\"de\",\"@id\":\"https:\/\/svfvolleyball.de\/#\/schema\/logo\/image\/\",\"url\":\"https:\/\/svfvolleyball.de\/wp-content\/uploads\/2021\/07\/SVFV_RotesRudel.jpg\",\"contentUrl\":\"https:\/\/svfvolleyball.de\/wp-content\/uploads\/2021\/07\/SVFV_RotesRudel.jpg\",\"width\":1200,\"height\":1564,\"caption\":\"SV Fellbach Volleyball\"},\"image\":{\"@id\":\"https:\/\/svfvolleyball.de\/#\/schema\/logo\/image\/\"}},{\"@type\":\"Person\",\"@id\":\"https:\/\/svfvolleyball.de\/#\/schema\/person\/f29518a892b1579fe0c32e7f0e5f1394\",\"name\":\"Werner Hofmann\",\"image\":{\"@type\":\"ImageObject\",\"inLanguage\":\"de\",\"@id\":\"https:\/\/svfvolleyball.de\/#\/schema\/person\/image\/\",\"url\":\"https:\/\/secure.gravatar.com\/avatar\/fa7d6c333324c59e0b9fe983c02164b2?s=96&d=mm&r=g\",\"contentUrl\":\"https:\/\/secure.gravatar.com\/avatar\/fa7d6c333324c59e0b9fe983c02164b2?s=96&d=mm&r=g\",\"caption\":\"Werner Hofmann\"},\"url\":\"https:\/\/svfvolleyball.de\/index.php\/author\/svfhofmann\/\"}]}<\/script>\n<!-- \/ Yoast SEO plugin. -->","yoast_head_json":{"title":"Im Kader steht nun auch eine Nationalspielerin - SVF Volleyball","robots":{"index":"index","follow":"follow","max-snippet":"max-snippet:-1","max-image-preview":"max-image-preview:large","max-video-preview":"max-video-preview:-1"},"canonical":"https:\/\/svfvolleyball.de\/index.php\/2025\/07\/17\/im-kader-steht-nun-auch-eine-nationalspielerin\/","twitter_misc":{"Verfasst von":"Werner Hofmann","Gesch\u00e4tzte Lesezeit":"2\u00a0Minuten"},"schema":{"@context":"https:\/\/schema.org","@graph":[{"@type":"Article","@id":"https:\/\/svfvolleyball.de\/index.php\/2025\/07\/17\/im-kader-steht-nun-auch-eine-nationalspielerin\/#article","isPartOf":{"@id":"https:\/\/svfvolleyball.de\/index.php\/2025\/07\/17\/im-kader-steht-nun-auch-eine-nationalspielerin\/"},"author":{"name":"Werner Hofmann","@id":"https:\/\/svfvolleyball.de\/#\/schema\/person\/f29518a892b1579fe0c32e7f0e5f1394"},"headline":"Im Kader steht nun auch eine Nationalspielerin","datePublished":"2025-07-17T13:23:43+00:00","mainEntityOfPage":{"@id":"https:\/\/svfvolleyball.de\/index.php\/2025\/07\/17\/im-kader-steht-nun-auch-eine-nationalspielerin\/"},"wordCount":493,"publisher":{"@id":"https:\/\/svfvolleyball.de\/#organization"},"image":{"@id":"https:\/\/svfvolleyball.de\/index.php\/2025\/07\/17\/im-kader-steht-nun-auch-eine-nationalspielerin\/#primaryimage"},"thumbnailUrl":"https:\/\/svfvolleyball.de\/wp-content\/uploads\/2025\/07\/image.png","inLanguage":"de"},{"@type":"WebPage","@id":"https:\/\/svfvolleyball.de\/index.php\/2025\/07\/17\/im-kader-steht-nun-auch-eine-nationalspielerin\/","url":"https:\/\/svfvolleyball.de\/index.php\/2025\/07\/17\/im-kader-steht-nun-auch-eine-nationalspielerin\/","name":"Im Kader steht nun auch eine Nationalspielerin - SVF Volleyball","isPartOf":{"@id":"https:\/\/svfvolleyball.de\/#website"},"primaryImageOfPage":{"@id":"https:\/\/svfvolleyball.de\/index.php\/2025\/07\/17\/im-kader-steht-nun-auch-eine-nationalspielerin\/#primaryimage"},"image":{"@id":"https:\/\/svfvolleyball.de\/index.php\/2025\/07\/17\/im-kader-steht-nun-auch-eine-nationalspielerin\/#primaryimage"},"thumbnailUrl":"https:\/\/svfvolleyball.de\/wp-content\/uploads\/2025\/07\/image.png","datePublished":"2025-07-17T13:23:43+00:00","breadcrumb":{"@id":"https:\/\/svfvolleyball.de\/index.php\/2025\/07\/17\/im-kader-steht-nun-auch-eine-nationalspielerin\/#breadcrumb"},"inLanguage":"de","potentialAction":[{"@type":"ReadAction","target":["https:\/\/svfvolleyball.de\/index.php\/2025\/07\/17\/im-kader-steht-nun-auch-eine-nationalspielerin\/"]}]},{"@type":"ImageObject","inLanguage":"de","@id":"https:\/\/svfvolleyball.de\/index.php\/2025\/07\/17\/im-kader-steht-nun-auch-eine-nationalspielerin\/#primaryimage","url":"https:\/\/svfvolleyball.de\/wp-content\/uploads\/2025\/07\/image.png","contentUrl":"https:\/\/svfvolleyball.de\/wp-content\/uploads\/2025\/07\/image.png","width":512,"height":314},{"@type":"BreadcrumbList","@id":"https:\/\/svfvolleyball.de\/index.php\/2025\/07\/17\/im-kader-steht-nun-auch-eine-nationalspielerin\/#breadcrumb","itemListElement":[{"@type":"ListItem","position":1,"name":"Startseite","item":"https:\/\/svfvolleyball.de\/"},{"@type":"ListItem","position":2,"name":"Im Kader steht nun auch eine Nationalspielerin"}]},{"@type":"WebSite","@id":"https:\/\/svfvolleyball.de\/#website","url":"https:\/\/svfvolleyball.de\/","name":"SVF Volleyball","description":"Volleyball Regionalliga in Fellbach!","publisher":{"@id":"https:\/\/svfvolleyball.de\/#organization"},"potentialAction":[{"@type":"SearchAction","target":{"@type":"EntryPoint","urlTemplate":"https:\/\/svfvolleyball.de\/?s={search_term_string}"},"query-input":{"@type":"PropertyValueSpecification","valueRequired":true,"valueName":"search_term_string"}}],"inLanguage":"de"},{"@type":"Organization","@id":"https:\/\/svfvolleyball.de\/#organization","name":"SV Fellbach Volleyball","url":"https:\/\/svfvolleyball.de\/","logo":{"@type":"ImageObject","inLanguage":"de","@id":"https:\/\/svfvolleyball.de\/#\/schema\/logo\/image\/","url":"https:\/\/svfvolleyball.de\/wp-content\/uploads\/2021\/07\/SVFV_RotesRudel.jpg","contentUrl":"https:\/\/svfvolleyball.de\/wp-content\/uploads\/2021\/07\/SVFV_RotesRudel.jpg","width":1200,"height":1564,"caption":"SV Fellbach Volleyball"},"image":{"@id":"https:\/\/svfvolleyball.de\/#\/schema\/logo\/image\/"}},{"@type":"Person","@id":"https:\/\/svfvolleyball.de\/#\/schema\/person\/f29518a892b1579fe0c32e7f0e5f1394","name":"Werner Hofmann","image":{"@type":"ImageObject","inLanguage":"de","@id":"https:\/\/svfvolleyball.de\/#\/schema\/person\/image\/","url":"https:\/\/secure.gravatar.com\/avatar\/fa7d6c333324c59e0b9fe983c02164b2?s=96&d=mm&r=g","contentUrl":"https:\/\/secure.gravatar.com\/avatar\/fa7d6c333324c59e0b9fe983c02164b2?s=96&d=mm&r=g","caption":"Werner Hofmann"},"url":"https:\/\/svfvolleyball.de\/index.php\/author\/svfhofmann\/"}]}},"_links":{"self":[{"href":"https:\/\/svfvolleyball.de\/index.php\/wp-json\/wp\/v2\/posts\/8367","targetHints":{"allow":["GET"]}}],"collection":[{"href":"https:\/\/svfvolleyball.de\/index.php\/wp-json\/wp\/v2\/posts"}],"about":[{"href":"https:\/\/svfvolleyball.de\/index.php\/wp-json\/wp\/v2\/types\/post"}],"author":[{"embeddable":true,"href":"https:\/\/svfvolleyball.de\/index.php\/wp-json\/wp\/v2\/users\/6"}],"replies":[{"embeddable":true,"href":"https:\/\/svfvolleyball.de\/index.php\/wp-json\/wp\/v2\/comments?post=8367"}],"version-history":[{"count":2,"href":"https:\/\/svfvolleyball.de\/index.php\/wp-json\/wp\/v2\/posts\/8367\/revisions"}],"predecessor-version":[{"id":8370,"href":"https:\/\/svfvolleyball.de\/index.php\/wp-json\/wp\/v2\/posts\/8367\/revisions\/8370"}],"wp:attachment":[{"href":"https:\/\/svfvolleyball.de\/index.php\/wp-json\/wp\/v2\/media?parent=8367"}],"wp:term":[{"taxonomy":"category","embeddable":true,"href":"https:\/\/svfvolleyball.de\/index.php\/wp-json\/wp\/v2\/categories?post=8367"},{"taxonomy":"post_tag","embeddable":true,"href":"https:\/\/svfvolleyball.de\/index.php\/wp-json\/wp\/v2\/tags?post=8367"}],"curies":[{"name":"wp","href":"https:\/\/api.w.org\/{rel}","templated":true}]}}