
{"id":8318,"date":"2025-05-06T11:31:12","date_gmt":"2025-05-06T09:31:12","guid":{"rendered":"https:\/\/svfvolleyball.de\/?p=8318"},"modified":"2025-05-06T11:31:12","modified_gmt":"2025-05-06T09:31:12","slug":"mario-maser-und-seine-mitstreiter-sind-optimistisch","status":"publish","type":"post","link":"https:\/\/svfvolleyball.de\/index.php\/2025\/05\/06\/mario-maser-und-seine-mitstreiter-sind-optimistisch\/","title":{"rendered":"Mario Maser und seine Mitstreiter sind optimistisch"},"content":{"rendered":"\n<p><strong>Die Volleyballer des SV Fellbach haben nach zwei Siegen in den Aufstiegsspielen beste Chancen, doch noch aufzusteigen.<\/strong><\/p>\n\n\n\n<p>Zwei Jahre nach dem Abstieg befinden sich die Volleyballer des SV Fellbach auf einem guten Weg zur\u00fcck in die Regionalliga S\u00fcd. Die Spieler um den Trainer Alexander Vorsterman van Oijen haben am vergangenen Wochenende zumindest schon einmal sportlich die Grundlage f\u00fcr den Wiederaufstieg in die vierth\u00f6chste deutsche Klasse gelegt. Der Vizemeister der Oberliga W\u00fcrttemberg gewann die beiden zun\u00e4chst pro forma anberaumten Aufstiegsspiele gegen den badischen Vizemeister VSG Kleinsteinbach am Freitag ausw\u00e4rts mit 3:2 nach S\u00e4tzen (26:28, 25:21, 22:25, 25:17, 17:15) und am Sonntag in der G\u00e4u\u00e4ckerhalle I  mit 3:1 (27:25, 25:21, 19:25, 25:17).<\/p>\n\n\n\n<p>Damit ist bislang allerdings nur klar, dass sich der Fellbacher Verbund als erster Nachr\u00fccker bereit halten darf, sollte in der Regionalliga f\u00fcr die Saison 2025\/2026 noch ein Platz frei werden. Die Chancen daf\u00fcr stehen nicht schlecht, denn in den Spielklassen dar\u00fcber ist zuletzt einiges in Bewegung geraten: So hat der Zweitligist MTV Ludwigsburg eine Lizenz f\u00fcr die h\u00f6chste deutsche Klasse beantragt, und der TV B\u00fchl hat sein Team aus der Zweiten Bundesliga zur\u00fcckgezogen. Erhalten die FT 1844 Freiburg II und der ASV Botnang aus der dritten Liga diese beiden frei gewordenen Pl\u00e4tze und r\u00fcckt dann der TSV Georgii Allianz Stuttgart in die dritte Liga nach, dann ist der Weg f\u00fcr die Fellbacher in die Regionalliga frei.<\/p>\n\n\n\n<p>\u201eNoch sind wir nicht am Ziel, aber seit Sonntagnachmittag sind wir ein ganzes St\u00fcck optimistischer\u201c, sagt Mario Maser, der Abteilungsleiter und Spieler in der ersten M\u00e4nnermannschaft der Fellbacher. Eine Entscheidung der Verb\u00e4nde soll in den n\u00e4chsten zwei Wochen fallen.<\/p>\n\n\n\n<p><strong>Harald Landwehr   Fellbacher Zeitung<\/strong><\/p>\n\n\n\n<p><\/p>\n","protected":false},"excerpt":{"rendered":"<p>Die Volleyballer des SV Fellbach haben nach zwei Siegen in den Aufstiegsspielen beste Chancen, doch noch aufzusteigen. Zwei Jahre nach dem Abstieg befinden sich die Volleyballer des SV Fellbach auf einem guten Weg zur\u00fcck in die Regionalliga S\u00fcd. Die Spieler um den Trainer Alexander Vorsterman van Oijen haben am vergangenen Wochenende zumindest schon einmal sportlich [&hellip;]<\/p>\n","protected":false},"author":6,"featured_media":0,"comment_status":"closed","ping_status":"open","sticky":false,"template":"","format":"standard","meta":{"inline_featured_image":false,"footnotes":""},"categories":[1],"tags":[],"class_list":["post-8318","post","type-post","status-publish","format-standard","hentry","category-allgemein"],"yoast_head":"<!-- This site is optimized with the Yoast SEO plugin v26.1.1 - https:\/\/yoast.com\/wordpress\/plugins\/seo\/ -->\n<title>Mario Maser und seine Mitstreiter sind optimistisch - SVF Volleyball<\/title>\n<meta name=\"robots\" content=\"index, follow, max-snippet:-1, max-image-preview:large, max-video-preview:-1\" \/>\n<link rel=\"canonical\" href=\"https:\/\/svfvolleyball.de\/index.php\/2025\/05\/06\/mario-maser-und-seine-mitstreiter-sind-optimistisch\/\" \/>\n<meta name=\"twitter:label1\" content=\"Verfasst von\" \/>\n\t<meta name=\"twitter:data1\" content=\"Werner Hofmann\" \/>\n\t<meta name=\"twitter:label2\" content=\"Gesch\u00e4tzte Lesezeit\" \/>\n\t<meta name=\"twitter:data2\" content=\"1\u00a0Minute\" \/>\n<script type=\"application\/ld+json\" class=\"yoast-schema-graph\">{\"@context\":\"https:\/\/schema.org\",\"@graph\":[{\"@type\":\"Article\",\"@id\":\"https:\/\/svfvolleyball.de\/index.php\/2025\/05\/06\/mario-maser-und-seine-mitstreiter-sind-optimistisch\/#article\",\"isPartOf\":{\"@id\":\"https:\/\/svfvolleyball.de\/index.php\/2025\/05\/06\/mario-maser-und-seine-mitstreiter-sind-optimistisch\/\"},\"author\":{\"name\":\"Werner Hofmann\",\"@id\":\"https:\/\/svfvolleyball.de\/#\/schema\/person\/f29518a892b1579fe0c32e7f0e5f1394\"},\"headline\":\"Mario Maser und seine Mitstreiter sind optimistisch\",\"datePublished\":\"2025-05-06T09:31:12+00:00\",\"mainEntityOfPage\":{\"@id\":\"https:\/\/svfvolleyball.de\/index.php\/2025\/05\/06\/mario-maser-und-seine-mitstreiter-sind-optimistisch\/\"},\"wordCount\":288,\"publisher\":{\"@id\":\"https:\/\/svfvolleyball.de\/#organization\"},\"inLanguage\":\"de\"},{\"@type\":\"WebPage\",\"@id\":\"https:\/\/svfvolleyball.de\/index.php\/2025\/05\/06\/mario-maser-und-seine-mitstreiter-sind-optimistisch\/\",\"url\":\"https:\/\/svfvolleyball.de\/index.php\/2025\/05\/06\/mario-maser-und-seine-mitstreiter-sind-optimistisch\/\",\"name\":\"Mario Maser und seine Mitstreiter sind optimistisch - SVF Volleyball\",\"isPartOf\":{\"@id\":\"https:\/\/svfvolleyball.de\/#website\"},\"datePublished\":\"2025-05-06T09:31:12+00:00\",\"breadcrumb\":{\"@id\":\"https:\/\/svfvolleyball.de\/index.php\/2025\/05\/06\/mario-maser-und-seine-mitstreiter-sind-optimistisch\/#breadcrumb\"},\"inLanguage\":\"de\",\"potentialAction\":[{\"@type\":\"ReadAction\",\"target\":[\"https:\/\/svfvolleyball.de\/index.php\/2025\/05\/06\/mario-maser-und-seine-mitstreiter-sind-optimistisch\/\"]}]},{\"@type\":\"BreadcrumbList\",\"@id\":\"https:\/\/svfvolleyball.de\/index.php\/2025\/05\/06\/mario-maser-und-seine-mitstreiter-sind-optimistisch\/#breadcrumb\",\"itemListElement\":[{\"@type\":\"ListItem\",\"position\":1,\"name\":\"Startseite\",\"item\":\"https:\/\/svfvolleyball.de\/\"},{\"@type\":\"ListItem\",\"position\":2,\"name\":\"Mario Maser und seine Mitstreiter sind optimistisch\"}]},{\"@type\":\"WebSite\",\"@id\":\"https:\/\/svfvolleyball.de\/#website\",\"url\":\"https:\/\/svfvolleyball.de\/\",\"name\":\"SVF Volleyball\",\"description\":\"Volleyball Regionalliga in Fellbach!\",\"publisher\":{\"@id\":\"https:\/\/svfvolleyball.de\/#organization\"},\"potentialAction\":[{\"@type\":\"SearchAction\",\"target\":{\"@type\":\"EntryPoint\",\"urlTemplate\":\"https:\/\/svfvolleyball.de\/?s={search_term_string}\"},\"query-input\":{\"@type\":\"PropertyValueSpecification\",\"valueRequired\":true,\"valueName\":\"search_term_string\"}}],\"inLanguage\":\"de\"},{\"@type\":\"Organization\",\"@id\":\"https:\/\/svfvolleyball.de\/#organization\",\"name\":\"SV Fellbach Volleyball\",\"url\":\"https:\/\/svfvolleyball.de\/\",\"logo\":{\"@type\":\"ImageObject\",\"inLanguage\":\"de\",\"@id\":\"https:\/\/svfvolleyball.de\/#\/schema\/logo\/image\/\",\"url\":\"https:\/\/svfvolleyball.de\/wp-content\/uploads\/2021\/07\/SVFV_RotesRudel.jpg\",\"contentUrl\":\"https:\/\/svfvolleyball.de\/wp-content\/uploads\/2021\/07\/SVFV_RotesRudel.jpg\",\"width\":1200,\"height\":1564,\"caption\":\"SV Fellbach Volleyball\"},\"image\":{\"@id\":\"https:\/\/svfvolleyball.de\/#\/schema\/logo\/image\/\"}},{\"@type\":\"Person\",\"@id\":\"https:\/\/svfvolleyball.de\/#\/schema\/person\/f29518a892b1579fe0c32e7f0e5f1394\",\"name\":\"Werner Hofmann\",\"image\":{\"@type\":\"ImageObject\",\"inLanguage\":\"de\",\"@id\":\"https:\/\/svfvolleyball.de\/#\/schema\/person\/image\/\",\"url\":\"https:\/\/secure.gravatar.com\/avatar\/fa7d6c333324c59e0b9fe983c02164b2?s=96&d=mm&r=g\",\"contentUrl\":\"https:\/\/secure.gravatar.com\/avatar\/fa7d6c333324c59e0b9fe983c02164b2?s=96&d=mm&r=g\",\"caption\":\"Werner Hofmann\"},\"url\":\"https:\/\/svfvolleyball.de\/index.php\/author\/svfhofmann\/\"}]}<\/script>\n<!-- \/ Yoast SEO plugin. -->","yoast_head_json":{"title":"Mario Maser und seine Mitstreiter sind optimistisch - SVF Volleyball","robots":{"index":"index","follow":"follow","max-snippet":"max-snippet:-1","max-image-preview":"max-image-preview:large","max-video-preview":"max-video-preview:-1"},"canonical":"https:\/\/svfvolleyball.de\/index.php\/2025\/05\/06\/mario-maser-und-seine-mitstreiter-sind-optimistisch\/","twitter_misc":{"Verfasst von":"Werner Hofmann","Gesch\u00e4tzte Lesezeit":"1\u00a0Minute"},"schema":{"@context":"https:\/\/schema.org","@graph":[{"@type":"Article","@id":"https:\/\/svfvolleyball.de\/index.php\/2025\/05\/06\/mario-maser-und-seine-mitstreiter-sind-optimistisch\/#article","isPartOf":{"@id":"https:\/\/svfvolleyball.de\/index.php\/2025\/05\/06\/mario-maser-und-seine-mitstreiter-sind-optimistisch\/"},"author":{"name":"Werner Hofmann","@id":"https:\/\/svfvolleyball.de\/#\/schema\/person\/f29518a892b1579fe0c32e7f0e5f1394"},"headline":"Mario Maser und seine Mitstreiter sind optimistisch","datePublished":"2025-05-06T09:31:12+00:00","mainEntityOfPage":{"@id":"https:\/\/svfvolleyball.de\/index.php\/2025\/05\/06\/mario-maser-und-seine-mitstreiter-sind-optimistisch\/"},"wordCount":288,"publisher":{"@id":"https:\/\/svfvolleyball.de\/#organization"},"inLanguage":"de"},{"@type":"WebPage","@id":"https:\/\/svfvolleyball.de\/index.php\/2025\/05\/06\/mario-maser-und-seine-mitstreiter-sind-optimistisch\/","url":"https:\/\/svfvolleyball.de\/index.php\/2025\/05\/06\/mario-maser-und-seine-mitstreiter-sind-optimistisch\/","name":"Mario Maser und seine Mitstreiter sind optimistisch - SVF Volleyball","isPartOf":{"@id":"https:\/\/svfvolleyball.de\/#website"},"datePublished":"2025-05-06T09:31:12+00:00","breadcrumb":{"@id":"https:\/\/svfvolleyball.de\/index.php\/2025\/05\/06\/mario-maser-und-seine-mitstreiter-sind-optimistisch\/#breadcrumb"},"inLanguage":"de","potentialAction":[{"@type":"ReadAction","target":["https:\/\/svfvolleyball.de\/index.php\/2025\/05\/06\/mario-maser-und-seine-mitstreiter-sind-optimistisch\/"]}]},{"@type":"BreadcrumbList","@id":"https:\/\/svfvolleyball.de\/index.php\/2025\/05\/06\/mario-maser-und-seine-mitstreiter-sind-optimistisch\/#breadcrumb","itemListElement":[{"@type":"ListItem","position":1,"name":"Startseite","item":"https:\/\/svfvolleyball.de\/"},{"@type":"ListItem","position":2,"name":"Mario Maser und seine Mitstreiter sind optimistisch"}]},{"@type":"WebSite","@id":"https:\/\/svfvolleyball.de\/#website","url":"https:\/\/svfvolleyball.de\/","name":"SVF Volleyball","description":"Volleyball Regionalliga in Fellbach!","publisher":{"@id":"https:\/\/svfvolleyball.de\/#organization"},"potentialAction":[{"@type":"SearchAction","target":{"@type":"EntryPoint","urlTemplate":"https:\/\/svfvolleyball.de\/?s={search_term_string}"},"query-input":{"@type":"PropertyValueSpecification","valueRequired":true,"valueName":"search_term_string"}}],"inLanguage":"de"},{"@type":"Organization","@id":"https:\/\/svfvolleyball.de\/#organization","name":"SV Fellbach Volleyball","url":"https:\/\/svfvolleyball.de\/","logo":{"@type":"ImageObject","inLanguage":"de","@id":"https:\/\/svfvolleyball.de\/#\/schema\/logo\/image\/","url":"https:\/\/svfvolleyball.de\/wp-content\/uploads\/2021\/07\/SVFV_RotesRudel.jpg","contentUrl":"https:\/\/svfvolleyball.de\/wp-content\/uploads\/2021\/07\/SVFV_RotesRudel.jpg","width":1200,"height":1564,"caption":"SV Fellbach Volleyball"},"image":{"@id":"https:\/\/svfvolleyball.de\/#\/schema\/logo\/image\/"}},{"@type":"Person","@id":"https:\/\/svfvolleyball.de\/#\/schema\/person\/f29518a892b1579fe0c32e7f0e5f1394","name":"Werner Hofmann","image":{"@type":"ImageObject","inLanguage":"de","@id":"https:\/\/svfvolleyball.de\/#\/schema\/person\/image\/","url":"https:\/\/secure.gravatar.com\/avatar\/fa7d6c333324c59e0b9fe983c02164b2?s=96&d=mm&r=g","contentUrl":"https:\/\/secure.gravatar.com\/avatar\/fa7d6c333324c59e0b9fe983c02164b2?s=96&d=mm&r=g","caption":"Werner Hofmann"},"url":"https:\/\/svfvolleyball.de\/index.php\/author\/svfhofmann\/"}]}},"_links":{"self":[{"href":"https:\/\/svfvolleyball.de\/index.php\/wp-json\/wp\/v2\/posts\/8318","targetHints":{"allow":["GET"]}}],"collection":[{"href":"https:\/\/svfvolleyball.de\/index.php\/wp-json\/wp\/v2\/posts"}],"about":[{"href":"https:\/\/svfvolleyball.de\/index.php\/wp-json\/wp\/v2\/types\/post"}],"author":[{"embeddable":true,"href":"https:\/\/svfvolleyball.de\/index.php\/wp-json\/wp\/v2\/users\/6"}],"replies":[{"embeddable":true,"href":"https:\/\/svfvolleyball.de\/index.php\/wp-json\/wp\/v2\/comments?post=8318"}],"version-history":[{"count":2,"href":"https:\/\/svfvolleyball.de\/index.php\/wp-json\/wp\/v2\/posts\/8318\/revisions"}],"predecessor-version":[{"id":8320,"href":"https:\/\/svfvolleyball.de\/index.php\/wp-json\/wp\/v2\/posts\/8318\/revisions\/8320"}],"wp:attachment":[{"href":"https:\/\/svfvolleyball.de\/index.php\/wp-json\/wp\/v2\/media?parent=8318"}],"wp:term":[{"taxonomy":"category","embeddable":true,"href":"https:\/\/svfvolleyball.de\/index.php\/wp-json\/wp\/v2\/categories?post=8318"},{"taxonomy":"post_tag","embeddable":true,"href":"https:\/\/svfvolleyball.de\/index.php\/wp-json\/wp\/v2\/tags?post=8318"}],"curies":[{"name":"wp","href":"https:\/\/api.w.org\/{rel}","templated":true}]}}