
{"id":8251,"date":"2025-03-11T07:54:15","date_gmt":"2025-03-11T06:54:15","guid":{"rendered":"https:\/\/svfvolleyball.de\/?p=8251"},"modified":"2025-03-11T07:54:15","modified_gmt":"2025-03-11T06:54:15","slug":"das-geschehen-drei-saetze-lang-kontrolliert","status":"publish","type":"post","link":"https:\/\/svfvolleyball.de\/index.php\/2025\/03\/11\/das-geschehen-drei-saetze-lang-kontrolliert\/","title":{"rendered":"Das Geschehen drei S\u00e4tze lang kontrolliert"},"content":{"rendered":"\n<p><strong>Die Volleyballerinnen des SV Fellbach gewinnen in der Regionalliga gegen die TSF Ditzingen deutlich mit 3:0.<\/strong><\/p>\n\n\n\n<p>Den Klassenverbleib in der Regionalliga hatten die Volleyballerinnen des SV Fellbach schon vor zwei Wochen mit dem Sieg in Umkirch in trockene T\u00fccher gebracht. Das Ziel f\u00fcr die verbleibenden drei Spiele war es nun, weiterhin so gut wie m\u00f6glich zu punkten und vielleicht noch den einen oder anderen Platz in der Tabelle nach oben zu klettern.<\/p>\n\n\n\n<p>Im Heimspiel gegen die TSF Ditzingen am Samstagabend ist dieser Plan schon einmal sehr gut aufgegangen. Die Gastgeberinnen gewannen \u00fcberraschend deutlich mit 3:0 nach S\u00e4tzen (25:16, 25:22, 25:18). \u201eWir haben mit unseren Aufschl\u00e4gen wieder sehr guten Druck auf die Gegnerinnen ausge\u00fcbt. Au\u00dferdem hatten wir Gl\u00fcck, dass die TSF aktuell Personalprobleme hat\u201c, sagte der SVF-Coach Jonas Hanenberg. Zwar war bei den Ditzingerinnen die ehemalige Schmidener und Fellbacher Spielerin Lyubka Rund (ehemals Sharalieva) an Bord, daf\u00fcr fehlte die wichtige Diagonalangreiferin und Kapit\u00e4nin Ute Busch. \u201eSie hat das Hinspiel gegen uns quasi noch im Alleingang entschieden. Ihr Fehlen hat uns nat\u00fcrlich zus\u00e4tzlich zu unserer eigenen guten Leistung in die Karten gespielt\u201c, sagte Hanenberg, dessen Team das Geschehen \u00fcber drei S\u00e4tze kontrollierte und nach nur 85 Minuten Spielzeit den dritten Matchball verwandelte. Zur wertvollsten Spielerin beim SVF wurde nach der Partie Paloma Kraft gek\u00fcrt.<\/p>\n\n\n\n<p>Die momentan achtplatzierten Fellbacher Volleyballerinnen k\u00f6nnen im Idealfall in den beiden verbleibenden Begegnungen noch sechs weitere Punkte verbuchen. Zun\u00e4chst am Samstag in Nordbaden beim Gastspiel bei der drittplatzierten VSG Ettlingen\/R\u00fcppurr. Zum Saisonfinale kommt dann das noch immer punktlose Ligaschlusslicht MTV Ludwigsburg II in die G\u00e4u\u00e4ckerhalle I. \u2009\u2009<\/p>\n\n\n\n<p>\u2009 SV Fellbach: Eisele, Maurer, Kraft, Ella Rohde, St\u00fcckelmaier, Padial, Durst, Schlotfeldt, Ahmann, K\u00f6ssinger, Javanshad, Metzger, Berg, Wegenast.<\/p>\n\n\n\n<p><strong>Harald Landwehr   Fellbacher Zeitung<\/strong><\/p>\n","protected":false},"excerpt":{"rendered":"<p>Die Volleyballerinnen des SV Fellbach gewinnen in der Regionalliga gegen die TSF Ditzingen deutlich mit 3:0. Den Klassenverbleib in der Regionalliga hatten die Volleyballerinnen des SV Fellbach schon vor zwei Wochen mit dem Sieg in Umkirch in trockene T\u00fccher gebracht. Das Ziel f\u00fcr die verbleibenden drei Spiele war es nun, weiterhin so gut wie m\u00f6glich [&hellip;]<\/p>\n","protected":false},"author":6,"featured_media":0,"comment_status":"closed","ping_status":"open","sticky":false,"template":"","format":"standard","meta":{"inline_featured_image":false,"footnotes":""},"categories":[1],"tags":[],"class_list":["post-8251","post","type-post","status-publish","format-standard","hentry","category-allgemein"],"yoast_head":"<!-- This site is optimized with the Yoast SEO plugin v26.1.1 - https:\/\/yoast.com\/wordpress\/plugins\/seo\/ -->\n<title>Das Geschehen drei S\u00e4tze lang kontrolliert - SVF Volleyball<\/title>\n<meta name=\"robots\" content=\"index, follow, max-snippet:-1, max-image-preview:large, max-video-preview:-1\" \/>\n<link rel=\"canonical\" href=\"https:\/\/svfvolleyball.de\/index.php\/2025\/03\/11\/das-geschehen-drei-saetze-lang-kontrolliert\/\" \/>\n<meta name=\"twitter:label1\" content=\"Verfasst von\" \/>\n\t<meta name=\"twitter:data1\" content=\"Werner Hofmann\" \/>\n\t<meta name=\"twitter:label2\" content=\"Gesch\u00e4tzte Lesezeit\" \/>\n\t<meta name=\"twitter:data2\" content=\"2\u00a0Minuten\" \/>\n<script type=\"application\/ld+json\" class=\"yoast-schema-graph\">{\"@context\":\"https:\/\/schema.org\",\"@graph\":[{\"@type\":\"Article\",\"@id\":\"https:\/\/svfvolleyball.de\/index.php\/2025\/03\/11\/das-geschehen-drei-saetze-lang-kontrolliert\/#article\",\"isPartOf\":{\"@id\":\"https:\/\/svfvolleyball.de\/index.php\/2025\/03\/11\/das-geschehen-drei-saetze-lang-kontrolliert\/\"},\"author\":{\"name\":\"Werner Hofmann\",\"@id\":\"https:\/\/svfvolleyball.de\/#\/schema\/person\/f29518a892b1579fe0c32e7f0e5f1394\"},\"headline\":\"Das Geschehen drei S\u00e4tze lang kontrolliert\",\"datePublished\":\"2025-03-11T06:54:15+00:00\",\"mainEntityOfPage\":{\"@id\":\"https:\/\/svfvolleyball.de\/index.php\/2025\/03\/11\/das-geschehen-drei-saetze-lang-kontrolliert\/\"},\"wordCount\":302,\"publisher\":{\"@id\":\"https:\/\/svfvolleyball.de\/#organization\"},\"inLanguage\":\"de\"},{\"@type\":\"WebPage\",\"@id\":\"https:\/\/svfvolleyball.de\/index.php\/2025\/03\/11\/das-geschehen-drei-saetze-lang-kontrolliert\/\",\"url\":\"https:\/\/svfvolleyball.de\/index.php\/2025\/03\/11\/das-geschehen-drei-saetze-lang-kontrolliert\/\",\"name\":\"Das Geschehen drei S\u00e4tze lang kontrolliert - SVF Volleyball\",\"isPartOf\":{\"@id\":\"https:\/\/svfvolleyball.de\/#website\"},\"datePublished\":\"2025-03-11T06:54:15+00:00\",\"breadcrumb\":{\"@id\":\"https:\/\/svfvolleyball.de\/index.php\/2025\/03\/11\/das-geschehen-drei-saetze-lang-kontrolliert\/#breadcrumb\"},\"inLanguage\":\"de\",\"potentialAction\":[{\"@type\":\"ReadAction\",\"target\":[\"https:\/\/svfvolleyball.de\/index.php\/2025\/03\/11\/das-geschehen-drei-saetze-lang-kontrolliert\/\"]}]},{\"@type\":\"BreadcrumbList\",\"@id\":\"https:\/\/svfvolleyball.de\/index.php\/2025\/03\/11\/das-geschehen-drei-saetze-lang-kontrolliert\/#breadcrumb\",\"itemListElement\":[{\"@type\":\"ListItem\",\"position\":1,\"name\":\"Startseite\",\"item\":\"https:\/\/svfvolleyball.de\/\"},{\"@type\":\"ListItem\",\"position\":2,\"name\":\"Das Geschehen drei S\u00e4tze lang kontrolliert\"}]},{\"@type\":\"WebSite\",\"@id\":\"https:\/\/svfvolleyball.de\/#website\",\"url\":\"https:\/\/svfvolleyball.de\/\",\"name\":\"SVF Volleyball\",\"description\":\"Volleyball Regionalliga in Fellbach!\",\"publisher\":{\"@id\":\"https:\/\/svfvolleyball.de\/#organization\"},\"potentialAction\":[{\"@type\":\"SearchAction\",\"target\":{\"@type\":\"EntryPoint\",\"urlTemplate\":\"https:\/\/svfvolleyball.de\/?s={search_term_string}\"},\"query-input\":{\"@type\":\"PropertyValueSpecification\",\"valueRequired\":true,\"valueName\":\"search_term_string\"}}],\"inLanguage\":\"de\"},{\"@type\":\"Organization\",\"@id\":\"https:\/\/svfvolleyball.de\/#organization\",\"name\":\"SV Fellbach Volleyball\",\"url\":\"https:\/\/svfvolleyball.de\/\",\"logo\":{\"@type\":\"ImageObject\",\"inLanguage\":\"de\",\"@id\":\"https:\/\/svfvolleyball.de\/#\/schema\/logo\/image\/\",\"url\":\"https:\/\/svfvolleyball.de\/wp-content\/uploads\/2021\/07\/SVFV_RotesRudel.jpg\",\"contentUrl\":\"https:\/\/svfvolleyball.de\/wp-content\/uploads\/2021\/07\/SVFV_RotesRudel.jpg\",\"width\":1200,\"height\":1564,\"caption\":\"SV Fellbach Volleyball\"},\"image\":{\"@id\":\"https:\/\/svfvolleyball.de\/#\/schema\/logo\/image\/\"}},{\"@type\":\"Person\",\"@id\":\"https:\/\/svfvolleyball.de\/#\/schema\/person\/f29518a892b1579fe0c32e7f0e5f1394\",\"name\":\"Werner Hofmann\",\"image\":{\"@type\":\"ImageObject\",\"inLanguage\":\"de\",\"@id\":\"https:\/\/svfvolleyball.de\/#\/schema\/person\/image\/\",\"url\":\"https:\/\/secure.gravatar.com\/avatar\/fa7d6c333324c59e0b9fe983c02164b2?s=96&d=mm&r=g\",\"contentUrl\":\"https:\/\/secure.gravatar.com\/avatar\/fa7d6c333324c59e0b9fe983c02164b2?s=96&d=mm&r=g\",\"caption\":\"Werner Hofmann\"},\"url\":\"https:\/\/svfvolleyball.de\/index.php\/author\/svfhofmann\/\"}]}<\/script>\n<!-- \/ Yoast SEO plugin. -->","yoast_head_json":{"title":"Das Geschehen drei S\u00e4tze lang kontrolliert - SVF Volleyball","robots":{"index":"index","follow":"follow","max-snippet":"max-snippet:-1","max-image-preview":"max-image-preview:large","max-video-preview":"max-video-preview:-1"},"canonical":"https:\/\/svfvolleyball.de\/index.php\/2025\/03\/11\/das-geschehen-drei-saetze-lang-kontrolliert\/","twitter_misc":{"Verfasst von":"Werner Hofmann","Gesch\u00e4tzte Lesezeit":"2\u00a0Minuten"},"schema":{"@context":"https:\/\/schema.org","@graph":[{"@type":"Article","@id":"https:\/\/svfvolleyball.de\/index.php\/2025\/03\/11\/das-geschehen-drei-saetze-lang-kontrolliert\/#article","isPartOf":{"@id":"https:\/\/svfvolleyball.de\/index.php\/2025\/03\/11\/das-geschehen-drei-saetze-lang-kontrolliert\/"},"author":{"name":"Werner Hofmann","@id":"https:\/\/svfvolleyball.de\/#\/schema\/person\/f29518a892b1579fe0c32e7f0e5f1394"},"headline":"Das Geschehen drei S\u00e4tze lang kontrolliert","datePublished":"2025-03-11T06:54:15+00:00","mainEntityOfPage":{"@id":"https:\/\/svfvolleyball.de\/index.php\/2025\/03\/11\/das-geschehen-drei-saetze-lang-kontrolliert\/"},"wordCount":302,"publisher":{"@id":"https:\/\/svfvolleyball.de\/#organization"},"inLanguage":"de"},{"@type":"WebPage","@id":"https:\/\/svfvolleyball.de\/index.php\/2025\/03\/11\/das-geschehen-drei-saetze-lang-kontrolliert\/","url":"https:\/\/svfvolleyball.de\/index.php\/2025\/03\/11\/das-geschehen-drei-saetze-lang-kontrolliert\/","name":"Das Geschehen drei S\u00e4tze lang kontrolliert - SVF Volleyball","isPartOf":{"@id":"https:\/\/svfvolleyball.de\/#website"},"datePublished":"2025-03-11T06:54:15+00:00","breadcrumb":{"@id":"https:\/\/svfvolleyball.de\/index.php\/2025\/03\/11\/das-geschehen-drei-saetze-lang-kontrolliert\/#breadcrumb"},"inLanguage":"de","potentialAction":[{"@type":"ReadAction","target":["https:\/\/svfvolleyball.de\/index.php\/2025\/03\/11\/das-geschehen-drei-saetze-lang-kontrolliert\/"]}]},{"@type":"BreadcrumbList","@id":"https:\/\/svfvolleyball.de\/index.php\/2025\/03\/11\/das-geschehen-drei-saetze-lang-kontrolliert\/#breadcrumb","itemListElement":[{"@type":"ListItem","position":1,"name":"Startseite","item":"https:\/\/svfvolleyball.de\/"},{"@type":"ListItem","position":2,"name":"Das Geschehen drei S\u00e4tze lang kontrolliert"}]},{"@type":"WebSite","@id":"https:\/\/svfvolleyball.de\/#website","url":"https:\/\/svfvolleyball.de\/","name":"SVF Volleyball","description":"Volleyball Regionalliga in Fellbach!","publisher":{"@id":"https:\/\/svfvolleyball.de\/#organization"},"potentialAction":[{"@type":"SearchAction","target":{"@type":"EntryPoint","urlTemplate":"https:\/\/svfvolleyball.de\/?s={search_term_string}"},"query-input":{"@type":"PropertyValueSpecification","valueRequired":true,"valueName":"search_term_string"}}],"inLanguage":"de"},{"@type":"Organization","@id":"https:\/\/svfvolleyball.de\/#organization","name":"SV Fellbach Volleyball","url":"https:\/\/svfvolleyball.de\/","logo":{"@type":"ImageObject","inLanguage":"de","@id":"https:\/\/svfvolleyball.de\/#\/schema\/logo\/image\/","url":"https:\/\/svfvolleyball.de\/wp-content\/uploads\/2021\/07\/SVFV_RotesRudel.jpg","contentUrl":"https:\/\/svfvolleyball.de\/wp-content\/uploads\/2021\/07\/SVFV_RotesRudel.jpg","width":1200,"height":1564,"caption":"SV Fellbach Volleyball"},"image":{"@id":"https:\/\/svfvolleyball.de\/#\/schema\/logo\/image\/"}},{"@type":"Person","@id":"https:\/\/svfvolleyball.de\/#\/schema\/person\/f29518a892b1579fe0c32e7f0e5f1394","name":"Werner Hofmann","image":{"@type":"ImageObject","inLanguage":"de","@id":"https:\/\/svfvolleyball.de\/#\/schema\/person\/image\/","url":"https:\/\/secure.gravatar.com\/avatar\/fa7d6c333324c59e0b9fe983c02164b2?s=96&d=mm&r=g","contentUrl":"https:\/\/secure.gravatar.com\/avatar\/fa7d6c333324c59e0b9fe983c02164b2?s=96&d=mm&r=g","caption":"Werner Hofmann"},"url":"https:\/\/svfvolleyball.de\/index.php\/author\/svfhofmann\/"}]}},"_links":{"self":[{"href":"https:\/\/svfvolleyball.de\/index.php\/wp-json\/wp\/v2\/posts\/8251","targetHints":{"allow":["GET"]}}],"collection":[{"href":"https:\/\/svfvolleyball.de\/index.php\/wp-json\/wp\/v2\/posts"}],"about":[{"href":"https:\/\/svfvolleyball.de\/index.php\/wp-json\/wp\/v2\/types\/post"}],"author":[{"embeddable":true,"href":"https:\/\/svfvolleyball.de\/index.php\/wp-json\/wp\/v2\/users\/6"}],"replies":[{"embeddable":true,"href":"https:\/\/svfvolleyball.de\/index.php\/wp-json\/wp\/v2\/comments?post=8251"}],"version-history":[{"count":1,"href":"https:\/\/svfvolleyball.de\/index.php\/wp-json\/wp\/v2\/posts\/8251\/revisions"}],"predecessor-version":[{"id":8252,"href":"https:\/\/svfvolleyball.de\/index.php\/wp-json\/wp\/v2\/posts\/8251\/revisions\/8252"}],"wp:attachment":[{"href":"https:\/\/svfvolleyball.de\/index.php\/wp-json\/wp\/v2\/media?parent=8251"}],"wp:term":[{"taxonomy":"category","embeddable":true,"href":"https:\/\/svfvolleyball.de\/index.php\/wp-json\/wp\/v2\/categories?post=8251"},{"taxonomy":"post_tag","embeddable":true,"href":"https:\/\/svfvolleyball.de\/index.php\/wp-json\/wp\/v2\/tags?post=8251"}],"curies":[{"name":"wp","href":"https:\/\/api.w.org\/{rel}","templated":true}]}}