
{"id":8227,"date":"2025-01-29T10:23:47","date_gmt":"2025-01-29T09:23:47","guid":{"rendered":"https:\/\/svfvolleyball.de\/?p=8227"},"modified":"2025-01-29T10:23:47","modified_gmt":"2025-01-29T09:23:47","slug":"nach-umstellung-klappt-es-besser","status":"publish","type":"post","link":"https:\/\/svfvolleyball.de\/index.php\/2025\/01\/29\/nach-umstellung-klappt-es-besser\/","title":{"rendered":"Nach Umstellung klappt es besser"},"content":{"rendered":"\n<p><strong>Die SVF-Volleyballerinnen verlieren gegen den Heidelberger TV mit 2:3. Am Donnerstag geht es im Pokal weiter.<\/strong><\/p>\n\n\n\n<p>Die Regionalliga-Volleyballerinnen des SV Fellbach haben ihren Vorsprung auf den ersten Abstiegsplatz von neun auf zehn Z\u00e4hler ausgebaut. Gelungen ist dies am Samstag dank der knappen 2:3-Niederlage (11:25, 15:25, 25:17, 25:22, 12:15) gegen den Tabellendritten Heidelberger TV. Allerdings hatte es zun\u00e4chst so ausgesehen, als ob die G\u00e4ste im Schnelldurchgang gewinnen w\u00fcrden. Doch nach den ersten beiden verlorenen S\u00e4tzen, in denen das SVF-Team speziell gegen die Angriffswucht von Antonia Steinbach (ehemals Zweite Bundesliga) und von Greta Bochert chancenlos war, nahm SVF-Coach Jonas Hanenberg eine entscheide \u00c4nderung vor: \u201eWir haben unser Blockspiel personell an K\u00f6rperl\u00e4nge vergr\u00f6\u00dfert und hatten dadurch insgesamt ein deutlich besseres Abwehrverhalten\u201c, sagt er. In der Folge entschieden die Gastgeberinnen den dritten und vierten Satz f\u00fcr sich. Dass dann der Tiebreak verloren ging und es doch nur zu einem Punkt reichte, nahm der Trainer gelassen: \u201eNach den ersten beiden S\u00e4tzen war nicht damit zu rechnen, dass wir noch einmal zur\u00fcckkommen w\u00fcrden\u201c, sagte er.<\/p>\n\n\n\n<p>Am kommenden Donnerstagabend (20.30 Uhr, G\u00e4u\u00e4ckerhalle I) wartet eine noch schwierigere Aufgabe auf die Fellbacher Volleyballerinnen: Im Viertelfinale des w\u00fcrttembergischen Verbandspokals ist der TSV Georgii Allianz, aktuell Tabellenzweiter in der dritten Liga S\u00fcd, zu Gast. Die Vaihingerinnen um die deutsche Ex-Nationalspielerin Magdalena Gryka und den ehemaligen langj\u00e4hrigen Fellbacher Trainer Kim Luong sind klarer Favorit. \u201eDie Spielerinnen sind im Schnitt einen Kopf gr\u00f6\u00dfer als wir, aber wir versuchen uns dennoch, so gut wie m\u00f6glich, zu wehren\u201c, sagt Hanenberg.\u2009\u2009\u2009 SV Fellbach: Ella Rohde, St\u00fcckelmaier, Padial, Metzger, Maurer, Kraft, Durst, Nadine Rohde, Schief, Ahmann, Eisele, Javanshad, Berg, Wegenast.<\/p>\n\n\n\n<p><strong>Harald Landwehr   Fellbacher Zeitung<\/strong><\/p>\n","protected":false},"excerpt":{"rendered":"<p>Die SVF-Volleyballerinnen verlieren gegen den Heidelberger TV mit 2:3. Am Donnerstag geht es im Pokal weiter. Die Regionalliga-Volleyballerinnen des SV Fellbach haben ihren Vorsprung auf den ersten Abstiegsplatz von neun auf zehn Z\u00e4hler ausgebaut. Gelungen ist dies am Samstag dank der knappen 2:3-Niederlage (11:25, 15:25, 25:17, 25:22, 12:15) gegen den Tabellendritten Heidelberger TV. Allerdings hatte [&hellip;]<\/p>\n","protected":false},"author":6,"featured_media":0,"comment_status":"closed","ping_status":"open","sticky":false,"template":"","format":"standard","meta":{"inline_featured_image":false,"footnotes":""},"categories":[1],"tags":[],"class_list":["post-8227","post","type-post","status-publish","format-standard","hentry","category-allgemein"],"yoast_head":"<!-- This site is optimized with the Yoast SEO plugin v26.1.1 - https:\/\/yoast.com\/wordpress\/plugins\/seo\/ -->\n<title>Nach Umstellung klappt es besser - SVF Volleyball<\/title>\n<meta name=\"robots\" content=\"index, follow, max-snippet:-1, max-image-preview:large, max-video-preview:-1\" \/>\n<link rel=\"canonical\" href=\"https:\/\/svfvolleyball.de\/index.php\/2025\/01\/29\/nach-umstellung-klappt-es-besser\/\" \/>\n<meta name=\"twitter:label1\" content=\"Verfasst von\" \/>\n\t<meta name=\"twitter:data1\" content=\"Werner Hofmann\" \/>\n\t<meta name=\"twitter:label2\" content=\"Gesch\u00e4tzte Lesezeit\" \/>\n\t<meta name=\"twitter:data2\" content=\"2\u00a0Minuten\" \/>\n<script type=\"application\/ld+json\" class=\"yoast-schema-graph\">{\"@context\":\"https:\/\/schema.org\",\"@graph\":[{\"@type\":\"Article\",\"@id\":\"https:\/\/svfvolleyball.de\/index.php\/2025\/01\/29\/nach-umstellung-klappt-es-besser\/#article\",\"isPartOf\":{\"@id\":\"https:\/\/svfvolleyball.de\/index.php\/2025\/01\/29\/nach-umstellung-klappt-es-besser\/\"},\"author\":{\"name\":\"Werner Hofmann\",\"@id\":\"https:\/\/svfvolleyball.de\/#\/schema\/person\/f29518a892b1579fe0c32e7f0e5f1394\"},\"headline\":\"Nach Umstellung klappt es besser\",\"datePublished\":\"2025-01-29T09:23:47+00:00\",\"mainEntityOfPage\":{\"@id\":\"https:\/\/svfvolleyball.de\/index.php\/2025\/01\/29\/nach-umstellung-klappt-es-besser\/\"},\"wordCount\":286,\"publisher\":{\"@id\":\"https:\/\/svfvolleyball.de\/#organization\"},\"inLanguage\":\"de\"},{\"@type\":\"WebPage\",\"@id\":\"https:\/\/svfvolleyball.de\/index.php\/2025\/01\/29\/nach-umstellung-klappt-es-besser\/\",\"url\":\"https:\/\/svfvolleyball.de\/index.php\/2025\/01\/29\/nach-umstellung-klappt-es-besser\/\",\"name\":\"Nach Umstellung klappt es besser - SVF Volleyball\",\"isPartOf\":{\"@id\":\"https:\/\/svfvolleyball.de\/#website\"},\"datePublished\":\"2025-01-29T09:23:47+00:00\",\"breadcrumb\":{\"@id\":\"https:\/\/svfvolleyball.de\/index.php\/2025\/01\/29\/nach-umstellung-klappt-es-besser\/#breadcrumb\"},\"inLanguage\":\"de\",\"potentialAction\":[{\"@type\":\"ReadAction\",\"target\":[\"https:\/\/svfvolleyball.de\/index.php\/2025\/01\/29\/nach-umstellung-klappt-es-besser\/\"]}]},{\"@type\":\"BreadcrumbList\",\"@id\":\"https:\/\/svfvolleyball.de\/index.php\/2025\/01\/29\/nach-umstellung-klappt-es-besser\/#breadcrumb\",\"itemListElement\":[{\"@type\":\"ListItem\",\"position\":1,\"name\":\"Startseite\",\"item\":\"https:\/\/svfvolleyball.de\/\"},{\"@type\":\"ListItem\",\"position\":2,\"name\":\"Nach Umstellung klappt es besser\"}]},{\"@type\":\"WebSite\",\"@id\":\"https:\/\/svfvolleyball.de\/#website\",\"url\":\"https:\/\/svfvolleyball.de\/\",\"name\":\"SVF Volleyball\",\"description\":\"Volleyball Regionalliga in Fellbach!\",\"publisher\":{\"@id\":\"https:\/\/svfvolleyball.de\/#organization\"},\"potentialAction\":[{\"@type\":\"SearchAction\",\"target\":{\"@type\":\"EntryPoint\",\"urlTemplate\":\"https:\/\/svfvolleyball.de\/?s={search_term_string}\"},\"query-input\":{\"@type\":\"PropertyValueSpecification\",\"valueRequired\":true,\"valueName\":\"search_term_string\"}}],\"inLanguage\":\"de\"},{\"@type\":\"Organization\",\"@id\":\"https:\/\/svfvolleyball.de\/#organization\",\"name\":\"SV Fellbach Volleyball\",\"url\":\"https:\/\/svfvolleyball.de\/\",\"logo\":{\"@type\":\"ImageObject\",\"inLanguage\":\"de\",\"@id\":\"https:\/\/svfvolleyball.de\/#\/schema\/logo\/image\/\",\"url\":\"https:\/\/svfvolleyball.de\/wp-content\/uploads\/2021\/07\/SVFV_RotesRudel.jpg\",\"contentUrl\":\"https:\/\/svfvolleyball.de\/wp-content\/uploads\/2021\/07\/SVFV_RotesRudel.jpg\",\"width\":1200,\"height\":1564,\"caption\":\"SV Fellbach Volleyball\"},\"image\":{\"@id\":\"https:\/\/svfvolleyball.de\/#\/schema\/logo\/image\/\"}},{\"@type\":\"Person\",\"@id\":\"https:\/\/svfvolleyball.de\/#\/schema\/person\/f29518a892b1579fe0c32e7f0e5f1394\",\"name\":\"Werner Hofmann\",\"image\":{\"@type\":\"ImageObject\",\"inLanguage\":\"de\",\"@id\":\"https:\/\/svfvolleyball.de\/#\/schema\/person\/image\/\",\"url\":\"https:\/\/secure.gravatar.com\/avatar\/fa7d6c333324c59e0b9fe983c02164b2?s=96&d=mm&r=g\",\"contentUrl\":\"https:\/\/secure.gravatar.com\/avatar\/fa7d6c333324c59e0b9fe983c02164b2?s=96&d=mm&r=g\",\"caption\":\"Werner Hofmann\"},\"url\":\"https:\/\/svfvolleyball.de\/index.php\/author\/svfhofmann\/\"}]}<\/script>\n<!-- \/ Yoast SEO plugin. -->","yoast_head_json":{"title":"Nach Umstellung klappt es besser - SVF Volleyball","robots":{"index":"index","follow":"follow","max-snippet":"max-snippet:-1","max-image-preview":"max-image-preview:large","max-video-preview":"max-video-preview:-1"},"canonical":"https:\/\/svfvolleyball.de\/index.php\/2025\/01\/29\/nach-umstellung-klappt-es-besser\/","twitter_misc":{"Verfasst von":"Werner Hofmann","Gesch\u00e4tzte Lesezeit":"2\u00a0Minuten"},"schema":{"@context":"https:\/\/schema.org","@graph":[{"@type":"Article","@id":"https:\/\/svfvolleyball.de\/index.php\/2025\/01\/29\/nach-umstellung-klappt-es-besser\/#article","isPartOf":{"@id":"https:\/\/svfvolleyball.de\/index.php\/2025\/01\/29\/nach-umstellung-klappt-es-besser\/"},"author":{"name":"Werner Hofmann","@id":"https:\/\/svfvolleyball.de\/#\/schema\/person\/f29518a892b1579fe0c32e7f0e5f1394"},"headline":"Nach Umstellung klappt es besser","datePublished":"2025-01-29T09:23:47+00:00","mainEntityOfPage":{"@id":"https:\/\/svfvolleyball.de\/index.php\/2025\/01\/29\/nach-umstellung-klappt-es-besser\/"},"wordCount":286,"publisher":{"@id":"https:\/\/svfvolleyball.de\/#organization"},"inLanguage":"de"},{"@type":"WebPage","@id":"https:\/\/svfvolleyball.de\/index.php\/2025\/01\/29\/nach-umstellung-klappt-es-besser\/","url":"https:\/\/svfvolleyball.de\/index.php\/2025\/01\/29\/nach-umstellung-klappt-es-besser\/","name":"Nach Umstellung klappt es besser - SVF Volleyball","isPartOf":{"@id":"https:\/\/svfvolleyball.de\/#website"},"datePublished":"2025-01-29T09:23:47+00:00","breadcrumb":{"@id":"https:\/\/svfvolleyball.de\/index.php\/2025\/01\/29\/nach-umstellung-klappt-es-besser\/#breadcrumb"},"inLanguage":"de","potentialAction":[{"@type":"ReadAction","target":["https:\/\/svfvolleyball.de\/index.php\/2025\/01\/29\/nach-umstellung-klappt-es-besser\/"]}]},{"@type":"BreadcrumbList","@id":"https:\/\/svfvolleyball.de\/index.php\/2025\/01\/29\/nach-umstellung-klappt-es-besser\/#breadcrumb","itemListElement":[{"@type":"ListItem","position":1,"name":"Startseite","item":"https:\/\/svfvolleyball.de\/"},{"@type":"ListItem","position":2,"name":"Nach Umstellung klappt es besser"}]},{"@type":"WebSite","@id":"https:\/\/svfvolleyball.de\/#website","url":"https:\/\/svfvolleyball.de\/","name":"SVF Volleyball","description":"Volleyball Regionalliga in Fellbach!","publisher":{"@id":"https:\/\/svfvolleyball.de\/#organization"},"potentialAction":[{"@type":"SearchAction","target":{"@type":"EntryPoint","urlTemplate":"https:\/\/svfvolleyball.de\/?s={search_term_string}"},"query-input":{"@type":"PropertyValueSpecification","valueRequired":true,"valueName":"search_term_string"}}],"inLanguage":"de"},{"@type":"Organization","@id":"https:\/\/svfvolleyball.de\/#organization","name":"SV Fellbach Volleyball","url":"https:\/\/svfvolleyball.de\/","logo":{"@type":"ImageObject","inLanguage":"de","@id":"https:\/\/svfvolleyball.de\/#\/schema\/logo\/image\/","url":"https:\/\/svfvolleyball.de\/wp-content\/uploads\/2021\/07\/SVFV_RotesRudel.jpg","contentUrl":"https:\/\/svfvolleyball.de\/wp-content\/uploads\/2021\/07\/SVFV_RotesRudel.jpg","width":1200,"height":1564,"caption":"SV Fellbach Volleyball"},"image":{"@id":"https:\/\/svfvolleyball.de\/#\/schema\/logo\/image\/"}},{"@type":"Person","@id":"https:\/\/svfvolleyball.de\/#\/schema\/person\/f29518a892b1579fe0c32e7f0e5f1394","name":"Werner Hofmann","image":{"@type":"ImageObject","inLanguage":"de","@id":"https:\/\/svfvolleyball.de\/#\/schema\/person\/image\/","url":"https:\/\/secure.gravatar.com\/avatar\/fa7d6c333324c59e0b9fe983c02164b2?s=96&d=mm&r=g","contentUrl":"https:\/\/secure.gravatar.com\/avatar\/fa7d6c333324c59e0b9fe983c02164b2?s=96&d=mm&r=g","caption":"Werner Hofmann"},"url":"https:\/\/svfvolleyball.de\/index.php\/author\/svfhofmann\/"}]}},"_links":{"self":[{"href":"https:\/\/svfvolleyball.de\/index.php\/wp-json\/wp\/v2\/posts\/8227","targetHints":{"allow":["GET"]}}],"collection":[{"href":"https:\/\/svfvolleyball.de\/index.php\/wp-json\/wp\/v2\/posts"}],"about":[{"href":"https:\/\/svfvolleyball.de\/index.php\/wp-json\/wp\/v2\/types\/post"}],"author":[{"embeddable":true,"href":"https:\/\/svfvolleyball.de\/index.php\/wp-json\/wp\/v2\/users\/6"}],"replies":[{"embeddable":true,"href":"https:\/\/svfvolleyball.de\/index.php\/wp-json\/wp\/v2\/comments?post=8227"}],"version-history":[{"count":1,"href":"https:\/\/svfvolleyball.de\/index.php\/wp-json\/wp\/v2\/posts\/8227\/revisions"}],"predecessor-version":[{"id":8228,"href":"https:\/\/svfvolleyball.de\/index.php\/wp-json\/wp\/v2\/posts\/8227\/revisions\/8228"}],"wp:attachment":[{"href":"https:\/\/svfvolleyball.de\/index.php\/wp-json\/wp\/v2\/media?parent=8227"}],"wp:term":[{"taxonomy":"category","embeddable":true,"href":"https:\/\/svfvolleyball.de\/index.php\/wp-json\/wp\/v2\/categories?post=8227"},{"taxonomy":"post_tag","embeddable":true,"href":"https:\/\/svfvolleyball.de\/index.php\/wp-json\/wp\/v2\/tags?post=8227"}],"curies":[{"name":"wp","href":"https:\/\/api.w.org\/{rel}","templated":true}]}}