
{"id":8024,"date":"2024-10-11T09:05:13","date_gmt":"2024-10-11T07:05:13","guid":{"rendered":"https:\/\/svfvolleyball.de\/?p=8024"},"modified":"2024-10-11T09:05:14","modified_gmt":"2024-10-11T07:05:14","slug":"der-blick-soll-nach-oben-gehen-die-svf-volleyballerinnen-starten-am-samstag-mit-einem-heimspiel-in-die-neue-regionalliga-saison","status":"publish","type":"post","link":"https:\/\/svfvolleyball.de\/index.php\/2024\/10\/11\/der-blick-soll-nach-oben-gehen-die-svf-volleyballerinnen-starten-am-samstag-mit-einem-heimspiel-in-die-neue-regionalliga-saison\/","title":{"rendered":"Der Blick soll nach oben gehen.                  Die SVF-Volleyballerinnen starten am Samstag mit einem Heimspiel in die neue Regionalliga-Saison."},"content":{"rendered":"\n<p>Nachdem das eigentliche Auftaktspiel in Freiburg auf einen sp\u00e4teren Zeitpunkt verlegt wurde, starten die Volleyballerinnen des SV Fellbach am kommenden Samstag (20 Uhr, G\u00e4u\u00e4ckerhalle I) versp\u00e4tet mit einem Heimspiel gegen den FV T\u00fcbinger Modell in die neue Regionalliga-Saison. Nach dem achten Rang und dem knapp vermiedenen Abstieg im Fr\u00fchjahr, wollen die Spielerinnen k\u00fcnftig ihren Blick in der Tabelle weiter nach oben richten. F\u00fcr welche Platzierung es letztlich im Endklassement reichen wird, vermag der neue Trainer Jonas Hanenberg noch nicht abzusch\u00e4tzen \u2013 und es ist ihm auch relativ gleichg\u00fcltig: \u201ePlatzierungen spielen keine Rolle. Wir wollen einen Prozess ansto\u00dfen und das Team von Woche zu Woche besser machen\u201c, sagt der ehemalige Fellbacher Zweitligaspieler, der Alexander Vorsterman van Oijen (als Trainer zu den SVF-M\u00e4nnern; wir haben berichtet) im Amt beerbt hat.<\/p>\n\n\n\n<p>Personell haben die Fellbacherinnen noch etwas Probleme, denn Lynn Brill (Meniskus-Operation), Lea K\u00f6ssinger (muskul\u00e4re Probleme) und Sabrina Berg fallen vorl\u00e4ufig aus. Auf der anderen Seite gibt es in Ella Rohde, die zuletzt beim Zweitligisten MTV Ludwigsburg spielte, eine R\u00fcckkehrerin, die kurzfristig in der Vorbereitung den Weg zur\u00fcck zum SVF gefunden hat. \u201eIch bin mit dem aktuellen Stand des im Training Gesehenen sehr zufrieden\u201c, sagt Hanenberg, der von seinem Team schnellen Volleyball sehen will. Au\u00dferdem sollen sich Automatismen im Spiel fr\u00fchzeitig einstellen.<\/p>\n\n\n\n<p>Getestet haben die SVF-Frauen fast ausschlie\u00dflich gegen h\u00f6herklassige Gegner, wobei zwei Ergebnisse herausstechen und Mut f\u00fcr den Auftakt machen: Gegen den Ligarivalen und F\u00fcnftplatzierten der vergangenen Saison, die TSF Ditzingen, hatte es einen 2:1-Sieg gegeben, gegen den h\u00f6herklassigen Drittligisten DJK Schw\u00e4bisch Gm\u00fcnd ein 2:0.<\/p>\n\n\n\n<p><strong>Harald Landwehr   Fellbacher Zeitung<\/strong><\/p>\n\n\n\n<p><\/p>\n\n\n\n<p><\/p>\n","protected":false},"excerpt":{"rendered":"<p>Nachdem das eigentliche Auftaktspiel in Freiburg auf einen sp\u00e4teren Zeitpunkt verlegt wurde, starten die Volleyballerinnen des SV Fellbach am kommenden Samstag (20 Uhr, G\u00e4u\u00e4ckerhalle I) versp\u00e4tet mit einem Heimspiel gegen den FV T\u00fcbinger Modell in die neue Regionalliga-Saison. Nach dem achten Rang und dem knapp vermiedenen Abstieg im Fr\u00fchjahr, wollen die Spielerinnen k\u00fcnftig ihren Blick [&hellip;]<\/p>\n","protected":false},"author":6,"featured_media":0,"comment_status":"closed","ping_status":"open","sticky":false,"template":"","format":"standard","meta":{"inline_featured_image":false,"footnotes":""},"categories":[1],"tags":[],"class_list":["post-8024","post","type-post","status-publish","format-standard","hentry","category-allgemein"],"yoast_head":"<!-- This site is optimized with the Yoast SEO plugin v26.1.1 - https:\/\/yoast.com\/wordpress\/plugins\/seo\/ -->\n<title>Der Blick soll nach oben gehen.         Die SVF-Volleyballerinnen starten am Samstag mit einem Heimspiel in die neue Regionalliga-Saison. - SVF Volleyball<\/title>\n<meta name=\"robots\" content=\"index, follow, max-snippet:-1, max-image-preview:large, max-video-preview:-1\" \/>\n<link rel=\"canonical\" href=\"https:\/\/svfvolleyball.de\/index.php\/2024\/10\/11\/der-blick-soll-nach-oben-gehen-die-svf-volleyballerinnen-starten-am-samstag-mit-einem-heimspiel-in-die-neue-regionalliga-saison\/\" \/>\n<meta name=\"twitter:label1\" content=\"Verfasst von\" \/>\n\t<meta name=\"twitter:data1\" content=\"Werner Hofmann\" \/>\n\t<meta name=\"twitter:label2\" content=\"Gesch\u00e4tzte Lesezeit\" \/>\n\t<meta name=\"twitter:data2\" content=\"2\u00a0Minuten\" \/>\n<script type=\"application\/ld+json\" class=\"yoast-schema-graph\">{\"@context\":\"https:\/\/schema.org\",\"@graph\":[{\"@type\":\"Article\",\"@id\":\"https:\/\/svfvolleyball.de\/index.php\/2024\/10\/11\/der-blick-soll-nach-oben-gehen-die-svf-volleyballerinnen-starten-am-samstag-mit-einem-heimspiel-in-die-neue-regionalliga-saison\/#article\",\"isPartOf\":{\"@id\":\"https:\/\/svfvolleyball.de\/index.php\/2024\/10\/11\/der-blick-soll-nach-oben-gehen-die-svf-volleyballerinnen-starten-am-samstag-mit-einem-heimspiel-in-die-neue-regionalliga-saison\/\"},\"author\":{\"name\":\"Werner Hofmann\",\"@id\":\"https:\/\/svfvolleyball.de\/#\/schema\/person\/f29518a892b1579fe0c32e7f0e5f1394\"},\"headline\":\"Der Blick soll nach oben gehen. Die SVF-Volleyballerinnen starten am Samstag mit einem Heimspiel in die neue Regionalliga-Saison.\",\"datePublished\":\"2024-10-11T07:05:13+00:00\",\"dateModified\":\"2024-10-11T07:05:14+00:00\",\"mainEntityOfPage\":{\"@id\":\"https:\/\/svfvolleyball.de\/index.php\/2024\/10\/11\/der-blick-soll-nach-oben-gehen-die-svf-volleyballerinnen-starten-am-samstag-mit-einem-heimspiel-in-die-neue-regionalliga-saison\/\"},\"wordCount\":298,\"publisher\":{\"@id\":\"https:\/\/svfvolleyball.de\/#organization\"},\"inLanguage\":\"de\"},{\"@type\":\"WebPage\",\"@id\":\"https:\/\/svfvolleyball.de\/index.php\/2024\/10\/11\/der-blick-soll-nach-oben-gehen-die-svf-volleyballerinnen-starten-am-samstag-mit-einem-heimspiel-in-die-neue-regionalliga-saison\/\",\"url\":\"https:\/\/svfvolleyball.de\/index.php\/2024\/10\/11\/der-blick-soll-nach-oben-gehen-die-svf-volleyballerinnen-starten-am-samstag-mit-einem-heimspiel-in-die-neue-regionalliga-saison\/\",\"name\":\"Der Blick soll nach oben gehen. Die SVF-Volleyballerinnen starten am Samstag mit einem Heimspiel in die neue Regionalliga-Saison. - SVF Volleyball\",\"isPartOf\":{\"@id\":\"https:\/\/svfvolleyball.de\/#website\"},\"datePublished\":\"2024-10-11T07:05:13+00:00\",\"dateModified\":\"2024-10-11T07:05:14+00:00\",\"breadcrumb\":{\"@id\":\"https:\/\/svfvolleyball.de\/index.php\/2024\/10\/11\/der-blick-soll-nach-oben-gehen-die-svf-volleyballerinnen-starten-am-samstag-mit-einem-heimspiel-in-die-neue-regionalliga-saison\/#breadcrumb\"},\"inLanguage\":\"de\",\"potentialAction\":[{\"@type\":\"ReadAction\",\"target\":[\"https:\/\/svfvolleyball.de\/index.php\/2024\/10\/11\/der-blick-soll-nach-oben-gehen-die-svf-volleyballerinnen-starten-am-samstag-mit-einem-heimspiel-in-die-neue-regionalliga-saison\/\"]}]},{\"@type\":\"BreadcrumbList\",\"@id\":\"https:\/\/svfvolleyball.de\/index.php\/2024\/10\/11\/der-blick-soll-nach-oben-gehen-die-svf-volleyballerinnen-starten-am-samstag-mit-einem-heimspiel-in-die-neue-regionalliga-saison\/#breadcrumb\",\"itemListElement\":[{\"@type\":\"ListItem\",\"position\":1,\"name\":\"Startseite\",\"item\":\"https:\/\/svfvolleyball.de\/\"},{\"@type\":\"ListItem\",\"position\":2,\"name\":\"Der Blick soll nach oben gehen. Die SVF-Volleyballerinnen starten am Samstag mit einem Heimspiel in die neue Regionalliga-Saison.\"}]},{\"@type\":\"WebSite\",\"@id\":\"https:\/\/svfvolleyball.de\/#website\",\"url\":\"https:\/\/svfvolleyball.de\/\",\"name\":\"SVF Volleyball\",\"description\":\"Volleyball Regionalliga in Fellbach!\",\"publisher\":{\"@id\":\"https:\/\/svfvolleyball.de\/#organization\"},\"potentialAction\":[{\"@type\":\"SearchAction\",\"target\":{\"@type\":\"EntryPoint\",\"urlTemplate\":\"https:\/\/svfvolleyball.de\/?s={search_term_string}\"},\"query-input\":{\"@type\":\"PropertyValueSpecification\",\"valueRequired\":true,\"valueName\":\"search_term_string\"}}],\"inLanguage\":\"de\"},{\"@type\":\"Organization\",\"@id\":\"https:\/\/svfvolleyball.de\/#organization\",\"name\":\"SV Fellbach Volleyball\",\"url\":\"https:\/\/svfvolleyball.de\/\",\"logo\":{\"@type\":\"ImageObject\",\"inLanguage\":\"de\",\"@id\":\"https:\/\/svfvolleyball.de\/#\/schema\/logo\/image\/\",\"url\":\"https:\/\/svfvolleyball.de\/wp-content\/uploads\/2021\/07\/SVFV_RotesRudel.jpg\",\"contentUrl\":\"https:\/\/svfvolleyball.de\/wp-content\/uploads\/2021\/07\/SVFV_RotesRudel.jpg\",\"width\":1200,\"height\":1564,\"caption\":\"SV Fellbach Volleyball\"},\"image\":{\"@id\":\"https:\/\/svfvolleyball.de\/#\/schema\/logo\/image\/\"}},{\"@type\":\"Person\",\"@id\":\"https:\/\/svfvolleyball.de\/#\/schema\/person\/f29518a892b1579fe0c32e7f0e5f1394\",\"name\":\"Werner Hofmann\",\"image\":{\"@type\":\"ImageObject\",\"inLanguage\":\"de\",\"@id\":\"https:\/\/svfvolleyball.de\/#\/schema\/person\/image\/\",\"url\":\"https:\/\/secure.gravatar.com\/avatar\/fa7d6c333324c59e0b9fe983c02164b2?s=96&d=mm&r=g\",\"contentUrl\":\"https:\/\/secure.gravatar.com\/avatar\/fa7d6c333324c59e0b9fe983c02164b2?s=96&d=mm&r=g\",\"caption\":\"Werner Hofmann\"},\"url\":\"https:\/\/svfvolleyball.de\/index.php\/author\/svfhofmann\/\"}]}<\/script>\n<!-- \/ Yoast SEO plugin. -->","yoast_head_json":{"title":"Der Blick soll nach oben gehen.         Die SVF-Volleyballerinnen starten am Samstag mit einem Heimspiel in die neue Regionalliga-Saison. - SVF Volleyball","robots":{"index":"index","follow":"follow","max-snippet":"max-snippet:-1","max-image-preview":"max-image-preview:large","max-video-preview":"max-video-preview:-1"},"canonical":"https:\/\/svfvolleyball.de\/index.php\/2024\/10\/11\/der-blick-soll-nach-oben-gehen-die-svf-volleyballerinnen-starten-am-samstag-mit-einem-heimspiel-in-die-neue-regionalliga-saison\/","twitter_misc":{"Verfasst von":"Werner Hofmann","Gesch\u00e4tzte Lesezeit":"2\u00a0Minuten"},"schema":{"@context":"https:\/\/schema.org","@graph":[{"@type":"Article","@id":"https:\/\/svfvolleyball.de\/index.php\/2024\/10\/11\/der-blick-soll-nach-oben-gehen-die-svf-volleyballerinnen-starten-am-samstag-mit-einem-heimspiel-in-die-neue-regionalliga-saison\/#article","isPartOf":{"@id":"https:\/\/svfvolleyball.de\/index.php\/2024\/10\/11\/der-blick-soll-nach-oben-gehen-die-svf-volleyballerinnen-starten-am-samstag-mit-einem-heimspiel-in-die-neue-regionalliga-saison\/"},"author":{"name":"Werner Hofmann","@id":"https:\/\/svfvolleyball.de\/#\/schema\/person\/f29518a892b1579fe0c32e7f0e5f1394"},"headline":"Der Blick soll nach oben gehen. Die SVF-Volleyballerinnen starten am Samstag mit einem Heimspiel in die neue Regionalliga-Saison.","datePublished":"2024-10-11T07:05:13+00:00","dateModified":"2024-10-11T07:05:14+00:00","mainEntityOfPage":{"@id":"https:\/\/svfvolleyball.de\/index.php\/2024\/10\/11\/der-blick-soll-nach-oben-gehen-die-svf-volleyballerinnen-starten-am-samstag-mit-einem-heimspiel-in-die-neue-regionalliga-saison\/"},"wordCount":298,"publisher":{"@id":"https:\/\/svfvolleyball.de\/#organization"},"inLanguage":"de"},{"@type":"WebPage","@id":"https:\/\/svfvolleyball.de\/index.php\/2024\/10\/11\/der-blick-soll-nach-oben-gehen-die-svf-volleyballerinnen-starten-am-samstag-mit-einem-heimspiel-in-die-neue-regionalliga-saison\/","url":"https:\/\/svfvolleyball.de\/index.php\/2024\/10\/11\/der-blick-soll-nach-oben-gehen-die-svf-volleyballerinnen-starten-am-samstag-mit-einem-heimspiel-in-die-neue-regionalliga-saison\/","name":"Der Blick soll nach oben gehen. Die SVF-Volleyballerinnen starten am Samstag mit einem Heimspiel in die neue Regionalliga-Saison. - SVF Volleyball","isPartOf":{"@id":"https:\/\/svfvolleyball.de\/#website"},"datePublished":"2024-10-11T07:05:13+00:00","dateModified":"2024-10-11T07:05:14+00:00","breadcrumb":{"@id":"https:\/\/svfvolleyball.de\/index.php\/2024\/10\/11\/der-blick-soll-nach-oben-gehen-die-svf-volleyballerinnen-starten-am-samstag-mit-einem-heimspiel-in-die-neue-regionalliga-saison\/#breadcrumb"},"inLanguage":"de","potentialAction":[{"@type":"ReadAction","target":["https:\/\/svfvolleyball.de\/index.php\/2024\/10\/11\/der-blick-soll-nach-oben-gehen-die-svf-volleyballerinnen-starten-am-samstag-mit-einem-heimspiel-in-die-neue-regionalliga-saison\/"]}]},{"@type":"BreadcrumbList","@id":"https:\/\/svfvolleyball.de\/index.php\/2024\/10\/11\/der-blick-soll-nach-oben-gehen-die-svf-volleyballerinnen-starten-am-samstag-mit-einem-heimspiel-in-die-neue-regionalliga-saison\/#breadcrumb","itemListElement":[{"@type":"ListItem","position":1,"name":"Startseite","item":"https:\/\/svfvolleyball.de\/"},{"@type":"ListItem","position":2,"name":"Der Blick soll nach oben gehen. Die SVF-Volleyballerinnen starten am Samstag mit einem Heimspiel in die neue Regionalliga-Saison."}]},{"@type":"WebSite","@id":"https:\/\/svfvolleyball.de\/#website","url":"https:\/\/svfvolleyball.de\/","name":"SVF Volleyball","description":"Volleyball Regionalliga in Fellbach!","publisher":{"@id":"https:\/\/svfvolleyball.de\/#organization"},"potentialAction":[{"@type":"SearchAction","target":{"@type":"EntryPoint","urlTemplate":"https:\/\/svfvolleyball.de\/?s={search_term_string}"},"query-input":{"@type":"PropertyValueSpecification","valueRequired":true,"valueName":"search_term_string"}}],"inLanguage":"de"},{"@type":"Organization","@id":"https:\/\/svfvolleyball.de\/#organization","name":"SV Fellbach Volleyball","url":"https:\/\/svfvolleyball.de\/","logo":{"@type":"ImageObject","inLanguage":"de","@id":"https:\/\/svfvolleyball.de\/#\/schema\/logo\/image\/","url":"https:\/\/svfvolleyball.de\/wp-content\/uploads\/2021\/07\/SVFV_RotesRudel.jpg","contentUrl":"https:\/\/svfvolleyball.de\/wp-content\/uploads\/2021\/07\/SVFV_RotesRudel.jpg","width":1200,"height":1564,"caption":"SV Fellbach Volleyball"},"image":{"@id":"https:\/\/svfvolleyball.de\/#\/schema\/logo\/image\/"}},{"@type":"Person","@id":"https:\/\/svfvolleyball.de\/#\/schema\/person\/f29518a892b1579fe0c32e7f0e5f1394","name":"Werner Hofmann","image":{"@type":"ImageObject","inLanguage":"de","@id":"https:\/\/svfvolleyball.de\/#\/schema\/person\/image\/","url":"https:\/\/secure.gravatar.com\/avatar\/fa7d6c333324c59e0b9fe983c02164b2?s=96&d=mm&r=g","contentUrl":"https:\/\/secure.gravatar.com\/avatar\/fa7d6c333324c59e0b9fe983c02164b2?s=96&d=mm&r=g","caption":"Werner Hofmann"},"url":"https:\/\/svfvolleyball.de\/index.php\/author\/svfhofmann\/"}]}},"_links":{"self":[{"href":"https:\/\/svfvolleyball.de\/index.php\/wp-json\/wp\/v2\/posts\/8024","targetHints":{"allow":["GET"]}}],"collection":[{"href":"https:\/\/svfvolleyball.de\/index.php\/wp-json\/wp\/v2\/posts"}],"about":[{"href":"https:\/\/svfvolleyball.de\/index.php\/wp-json\/wp\/v2\/types\/post"}],"author":[{"embeddable":true,"href":"https:\/\/svfvolleyball.de\/index.php\/wp-json\/wp\/v2\/users\/6"}],"replies":[{"embeddable":true,"href":"https:\/\/svfvolleyball.de\/index.php\/wp-json\/wp\/v2\/comments?post=8024"}],"version-history":[{"count":1,"href":"https:\/\/svfvolleyball.de\/index.php\/wp-json\/wp\/v2\/posts\/8024\/revisions"}],"predecessor-version":[{"id":8025,"href":"https:\/\/svfvolleyball.de\/index.php\/wp-json\/wp\/v2\/posts\/8024\/revisions\/8025"}],"wp:attachment":[{"href":"https:\/\/svfvolleyball.de\/index.php\/wp-json\/wp\/v2\/media?parent=8024"}],"wp:term":[{"taxonomy":"category","embeddable":true,"href":"https:\/\/svfvolleyball.de\/index.php\/wp-json\/wp\/v2\/categories?post=8024"},{"taxonomy":"post_tag","embeddable":true,"href":"https:\/\/svfvolleyball.de\/index.php\/wp-json\/wp\/v2\/tags?post=8024"}],"curies":[{"name":"wp","href":"https:\/\/api.w.org\/{rel}","templated":true}]}}