
{"id":7899,"date":"2024-08-20T08:46:16","date_gmt":"2024-08-20T06:46:16","guid":{"rendered":"https:\/\/svfvolleyball.de\/?p=7899"},"modified":"2024-08-20T08:46:17","modified_gmt":"2024-08-20T06:46:17","slug":"alter-bekannter-bringt-frischen-wind","status":"publish","type":"post","link":"https:\/\/svfvolleyball.de\/index.php\/2024\/08\/20\/alter-bekannter-bringt-frischen-wind\/","title":{"rendered":"Alter Bekannter bringt frischen Wind"},"content":{"rendered":"\n<p><strong>Bei den Volleyballerinnen des SV Fellbach gibt k\u00fcnftig Jonas Hanenberg, ein ehemaliger Bundesliga-Spieler, die Richtung in der Regionalliga-Saison vor.<\/strong><\/p>\n\n\n\n<p>Im Moment genie\u00dft Jonas Hanenberg noch die landschaftlichen Sch\u00f6nheiten der Alpenrepublik. Beim neuen Trainer der Fellbacher Regionalliga-Volleyballerinnen ist noch bis Ende August Familienurlaub in \u00d6sterreich inklusive sportlicher Aktivit\u00e4ten wie Wandern und Fahrradtouren angesagt. Die Trainingsarbeit in der Sporthalle hat derweil sein Assistent Peter Koch \u00fcbernommen, in der vergangenen Saison noch Spieler bei den Fellbacher Oberliga-Volleyballern. \u201eIch hatte dem Team angeboten, dass wir in den Sommerferien eine gr\u00f6\u00dfere gemeinsame Pause einlegen, aber die Spielerinnen haben darauf bestanden, die Vorbereitung bis zum Saisonstart durchzuziehen\u201c, sagt der 35-j\u00e4hrige Hanenberg, der bereits am 1. Juni das Amt von Vorg\u00e4nger Alexander Vorsterman van Oijen \u00fcbernommen hat, der seinerseits nun Chefcoach bei den SVF-Akteuren in der Oberliga ist.<\/p>\n\n\n\n<p>Dass die Volleyballerinnen, die die vergangenen Spielzeit auf dem achten Tabellenplatz abgeschlossen hatten, den Vorschlag ihres Coaches abgelehnt haben zeigt, dass sich Hanenberg und seine Entourage f\u00fcr die Spielzeit 2024\/2025, die am 12. Oktober um 20 Uhr mit einem Heimspiel in der G\u00e4u\u00e4ckerhalle I gegen den FV T\u00fcbinger Modell beginnen wird, einiges vorgenommen haben. Der Abstiegskampf soll diesmal von Beginn an kein Thema sein, stattdessen soll es in sportlich ruhigere Fahrwasser gehen. \u201eWir werden jetzt sicher nicht sagen, dass wir sofort um den Aufstieg mitspielen wollen. Vielmehr geht es mir darum, jede einzelne Spielerin und damit auch das gesamte Team in den jeweiligen M\u00f6glichkeiten weiter zu entwickeln und von Tag zu Tag ein St\u00fcck besser zu machen\u201c, sagt Hanenberg, der auf der Trainerbank sehr viel Erfahrung mitbringt.<\/p>\n\n\n\n<p>Der geb\u00fcrtige Singener wurde einst selbst in der Talentschmiede des benachbarten deutschen Rekordmeisters VfB Friedrichshafen im Volleyball ausgebildet, ehe er beim TV B\u00fchl in der Ersten Bundesliga und dazu auch in der Junioren-Nationalmannschaft zum Einsatz kam. 2011 verschlug es den Mann vom Bodensee dann studienbedingt in die Region \u2013 er studierte Soziale Arbeit an der Dualen Hochschule Stuttgart \u2013, wo er in den folgenden elf Jahren beim SV Fellbach Spieler, Trainer und Sportlicher Leiter war und unter anderem zwei Titelgewinne in der Zweiten Bundesliga S\u00fcd feiern durfte.<\/p>\n\n\n\n<figure class=\"wp-block-image size-large\"><img loading=\"lazy\" decoding=\"async\" width=\"527\" height=\"1024\" src=\"https:\/\/svfvolleyball.de\/wp-content\/uploads\/2024\/08\/Hanenberg-527x1024.jpg\" alt=\"\" class=\"wp-image-7901\" srcset=\"https:\/\/svfvolleyball.de\/wp-content\/uploads\/2024\/08\/Hanenberg-527x1024.jpg 527w, https:\/\/svfvolleyball.de\/wp-content\/uploads\/2024\/08\/Hanenberg-154x300.jpg 154w, https:\/\/svfvolleyball.de\/wp-content\/uploads\/2024\/08\/Hanenberg-66x128.jpg 66w, https:\/\/svfvolleyball.de\/wp-content\/uploads\/2024\/08\/Hanenberg-16x32.jpg 16w, https:\/\/svfvolleyball.de\/wp-content\/uploads\/2024\/08\/Hanenberg.jpg 616w\" sizes=\"auto, (max-width: 527px) 100vw, 527px\" \/><\/figure>\n\n\n\n<p>Dass Hanenberg nun nach einem Engagement als Co-Trainer beim M\u00e4nner-Zweitligisten MTV Ludwigsburg an seinen Wohnort zur\u00fcckkehrt und hier das erste Engagement als Trainer im Frauenbereich beginnt, ist das Resultat eines l\u00e4ngeren \u00dcberlegungsprozesses. \u201eIch hatte nach meinem Abschied aus Ludwigsburg mehrere Angebote und habe verschiedene Gespr\u00e4che gef\u00fchrt, aber bei den Frauen des SV Fellbach hat einfach das Gesamtpaket am besten gepasst\u201c, sagt Hanenberg, der nach eigener Aussage eine \u201ehoch motivierte und sehr lernwillige\u201c Gruppe in der Sporthalle angetroffen hat.<\/p>\n\n\n\n<p>Au\u00dfer dem Abgang von Coach Vorsterman van Oijen nach zweij\u00e4hriger T\u00e4tigkeit, haben in der Sommerpause auch einige Spielerinnen ihren Abschied vom Team gegeben. Der sportlich schmerzhafteste d\u00fcrfte mit Sicherheit jener der erfahrenen Zuspielerin Carmen Feistritzer sein, die der Abteilung allerdings als Trainerin an der Seite ihres Ehemannes Martin beim zweiten Frauen-Verbund erhalten bleibt. Zehn Spielerinnen, die sich schon in der vergangenen Saison das Fellbacher Trikot \u00fcbergestreift haben, sind geblieben \u2013 Sabrina Berg wird allerdings nach einer H\u00fcft-Operation noch mehrere Monate ausfallen.<\/p>\n\n\n\n<p>Von den f\u00fcnf Neuverpflichtungen sind die bekanntesten Namen jene von Emily St\u00fcckelmaier (zuletzt TSG Backnang) sowie von Anna Metzger und Paloma Kraft, die beide in der vergangenen Spielzeit noch zwei Klassen h\u00f6her f\u00fcr die Zweitliga-Frauen des MTV Ludwigsburg ans Netz gingen. Paloma Kraft freilich ist unter dem Kappelberg eine gute Bekannte, spielte sie doch in der Jugend seit dem achten Lebensjahr f\u00fcr den TSV Schmiden, ehe sie dann bei den Frauen Erfahrungen bei der DJK Schw\u00e4bisch Gm\u00fcnd (Regionalliga) und eben in der Barockstadt sammelte. \u201eUnser Kader ist damit voll. Ich vertraue diesen 15 M\u00e4dels und will hart mit ihnen arbeiten. Selbst wenn jetzt noch eine Nationalspielerin anklopfen w\u00fcrde, h\u00e4tten wir keinen Platz mehr f\u00fcr sie\u201c, sagt Jonas Hanenberg.<\/p>\n\n\n\n<p><strong>Harald Landwehr   Fellbacher Zeitung<\/strong><\/p>\n","protected":false},"excerpt":{"rendered":"<p>Bei den Volleyballerinnen des SV Fellbach gibt k\u00fcnftig Jonas Hanenberg, ein ehemaliger Bundesliga-Spieler, die Richtung in der Regionalliga-Saison vor. Im Moment genie\u00dft Jonas Hanenberg noch die landschaftlichen Sch\u00f6nheiten der Alpenrepublik. Beim neuen Trainer der Fellbacher Regionalliga-Volleyballerinnen ist noch bis Ende August Familienurlaub in \u00d6sterreich inklusive sportlicher Aktivit\u00e4ten wie Wandern und Fahrradtouren angesagt. Die Trainingsarbeit in [&hellip;]<\/p>\n","protected":false},"author":6,"featured_media":0,"comment_status":"closed","ping_status":"open","sticky":false,"template":"","format":"standard","meta":{"inline_featured_image":false,"footnotes":""},"categories":[1],"tags":[],"class_list":["post-7899","post","type-post","status-publish","format-standard","hentry","category-allgemein"],"yoast_head":"<!-- This site is optimized with the Yoast SEO plugin v26.1.1 - https:\/\/yoast.com\/wordpress\/plugins\/seo\/ -->\n<title>Alter Bekannter bringt frischen Wind - SVF Volleyball<\/title>\n<meta name=\"robots\" content=\"index, follow, max-snippet:-1, max-image-preview:large, max-video-preview:-1\" \/>\n<link rel=\"canonical\" href=\"https:\/\/svfvolleyball.de\/index.php\/2024\/08\/20\/alter-bekannter-bringt-frischen-wind\/\" \/>\n<meta name=\"twitter:label1\" content=\"Verfasst von\" \/>\n\t<meta name=\"twitter:data1\" content=\"Werner Hofmann\" \/>\n\t<meta name=\"twitter:label2\" content=\"Gesch\u00e4tzte Lesezeit\" \/>\n\t<meta name=\"twitter:data2\" content=\"4\u00a0Minuten\" \/>\n<script type=\"application\/ld+json\" class=\"yoast-schema-graph\">{\"@context\":\"https:\/\/schema.org\",\"@graph\":[{\"@type\":\"Article\",\"@id\":\"https:\/\/svfvolleyball.de\/index.php\/2024\/08\/20\/alter-bekannter-bringt-frischen-wind\/#article\",\"isPartOf\":{\"@id\":\"https:\/\/svfvolleyball.de\/index.php\/2024\/08\/20\/alter-bekannter-bringt-frischen-wind\/\"},\"author\":{\"name\":\"Werner Hofmann\",\"@id\":\"https:\/\/svfvolleyball.de\/#\/schema\/person\/f29518a892b1579fe0c32e7f0e5f1394\"},\"headline\":\"Alter Bekannter bringt frischen Wind\",\"datePublished\":\"2024-08-20T06:46:16+00:00\",\"dateModified\":\"2024-08-20T06:46:17+00:00\",\"mainEntityOfPage\":{\"@id\":\"https:\/\/svfvolleyball.de\/index.php\/2024\/08\/20\/alter-bekannter-bringt-frischen-wind\/\"},\"wordCount\":659,\"publisher\":{\"@id\":\"https:\/\/svfvolleyball.de\/#organization\"},\"image\":{\"@id\":\"https:\/\/svfvolleyball.de\/index.php\/2024\/08\/20\/alter-bekannter-bringt-frischen-wind\/#primaryimage\"},\"thumbnailUrl\":\"https:\/\/svfvolleyball.de\/wp-content\/uploads\/2024\/08\/Hanenberg-527x1024.jpg\",\"inLanguage\":\"de\"},{\"@type\":\"WebPage\",\"@id\":\"https:\/\/svfvolleyball.de\/index.php\/2024\/08\/20\/alter-bekannter-bringt-frischen-wind\/\",\"url\":\"https:\/\/svfvolleyball.de\/index.php\/2024\/08\/20\/alter-bekannter-bringt-frischen-wind\/\",\"name\":\"Alter Bekannter bringt frischen Wind - SVF Volleyball\",\"isPartOf\":{\"@id\":\"https:\/\/svfvolleyball.de\/#website\"},\"primaryImageOfPage\":{\"@id\":\"https:\/\/svfvolleyball.de\/index.php\/2024\/08\/20\/alter-bekannter-bringt-frischen-wind\/#primaryimage\"},\"image\":{\"@id\":\"https:\/\/svfvolleyball.de\/index.php\/2024\/08\/20\/alter-bekannter-bringt-frischen-wind\/#primaryimage\"},\"thumbnailUrl\":\"https:\/\/svfvolleyball.de\/wp-content\/uploads\/2024\/08\/Hanenberg-527x1024.jpg\",\"datePublished\":\"2024-08-20T06:46:16+00:00\",\"dateModified\":\"2024-08-20T06:46:17+00:00\",\"breadcrumb\":{\"@id\":\"https:\/\/svfvolleyball.de\/index.php\/2024\/08\/20\/alter-bekannter-bringt-frischen-wind\/#breadcrumb\"},\"inLanguage\":\"de\",\"potentialAction\":[{\"@type\":\"ReadAction\",\"target\":[\"https:\/\/svfvolleyball.de\/index.php\/2024\/08\/20\/alter-bekannter-bringt-frischen-wind\/\"]}]},{\"@type\":\"ImageObject\",\"inLanguage\":\"de\",\"@id\":\"https:\/\/svfvolleyball.de\/index.php\/2024\/08\/20\/alter-bekannter-bringt-frischen-wind\/#primaryimage\",\"url\":\"https:\/\/svfvolleyball.de\/wp-content\/uploads\/2024\/08\/Hanenberg.jpg\",\"contentUrl\":\"https:\/\/svfvolleyball.de\/wp-content\/uploads\/2024\/08\/Hanenberg.jpg\",\"width\":616,\"height\":1197},{\"@type\":\"BreadcrumbList\",\"@id\":\"https:\/\/svfvolleyball.de\/index.php\/2024\/08\/20\/alter-bekannter-bringt-frischen-wind\/#breadcrumb\",\"itemListElement\":[{\"@type\":\"ListItem\",\"position\":1,\"name\":\"Startseite\",\"item\":\"https:\/\/svfvolleyball.de\/\"},{\"@type\":\"ListItem\",\"position\":2,\"name\":\"Alter Bekannter bringt frischen Wind\"}]},{\"@type\":\"WebSite\",\"@id\":\"https:\/\/svfvolleyball.de\/#website\",\"url\":\"https:\/\/svfvolleyball.de\/\",\"name\":\"SVF Volleyball\",\"description\":\"Volleyball Regionalliga in Fellbach!\",\"publisher\":{\"@id\":\"https:\/\/svfvolleyball.de\/#organization\"},\"potentialAction\":[{\"@type\":\"SearchAction\",\"target\":{\"@type\":\"EntryPoint\",\"urlTemplate\":\"https:\/\/svfvolleyball.de\/?s={search_term_string}\"},\"query-input\":{\"@type\":\"PropertyValueSpecification\",\"valueRequired\":true,\"valueName\":\"search_term_string\"}}],\"inLanguage\":\"de\"},{\"@type\":\"Organization\",\"@id\":\"https:\/\/svfvolleyball.de\/#organization\",\"name\":\"SV Fellbach Volleyball\",\"url\":\"https:\/\/svfvolleyball.de\/\",\"logo\":{\"@type\":\"ImageObject\",\"inLanguage\":\"de\",\"@id\":\"https:\/\/svfvolleyball.de\/#\/schema\/logo\/image\/\",\"url\":\"https:\/\/svfvolleyball.de\/wp-content\/uploads\/2021\/07\/SVFV_RotesRudel.jpg\",\"contentUrl\":\"https:\/\/svfvolleyball.de\/wp-content\/uploads\/2021\/07\/SVFV_RotesRudel.jpg\",\"width\":1200,\"height\":1564,\"caption\":\"SV Fellbach Volleyball\"},\"image\":{\"@id\":\"https:\/\/svfvolleyball.de\/#\/schema\/logo\/image\/\"}},{\"@type\":\"Person\",\"@id\":\"https:\/\/svfvolleyball.de\/#\/schema\/person\/f29518a892b1579fe0c32e7f0e5f1394\",\"name\":\"Werner Hofmann\",\"image\":{\"@type\":\"ImageObject\",\"inLanguage\":\"de\",\"@id\":\"https:\/\/svfvolleyball.de\/#\/schema\/person\/image\/\",\"url\":\"https:\/\/secure.gravatar.com\/avatar\/fa7d6c333324c59e0b9fe983c02164b2?s=96&d=mm&r=g\",\"contentUrl\":\"https:\/\/secure.gravatar.com\/avatar\/fa7d6c333324c59e0b9fe983c02164b2?s=96&d=mm&r=g\",\"caption\":\"Werner Hofmann\"},\"url\":\"https:\/\/svfvolleyball.de\/index.php\/author\/svfhofmann\/\"}]}<\/script>\n<!-- \/ Yoast SEO plugin. -->","yoast_head_json":{"title":"Alter Bekannter bringt frischen Wind - SVF Volleyball","robots":{"index":"index","follow":"follow","max-snippet":"max-snippet:-1","max-image-preview":"max-image-preview:large","max-video-preview":"max-video-preview:-1"},"canonical":"https:\/\/svfvolleyball.de\/index.php\/2024\/08\/20\/alter-bekannter-bringt-frischen-wind\/","twitter_misc":{"Verfasst von":"Werner Hofmann","Gesch\u00e4tzte Lesezeit":"4\u00a0Minuten"},"schema":{"@context":"https:\/\/schema.org","@graph":[{"@type":"Article","@id":"https:\/\/svfvolleyball.de\/index.php\/2024\/08\/20\/alter-bekannter-bringt-frischen-wind\/#article","isPartOf":{"@id":"https:\/\/svfvolleyball.de\/index.php\/2024\/08\/20\/alter-bekannter-bringt-frischen-wind\/"},"author":{"name":"Werner Hofmann","@id":"https:\/\/svfvolleyball.de\/#\/schema\/person\/f29518a892b1579fe0c32e7f0e5f1394"},"headline":"Alter Bekannter bringt frischen Wind","datePublished":"2024-08-20T06:46:16+00:00","dateModified":"2024-08-20T06:46:17+00:00","mainEntityOfPage":{"@id":"https:\/\/svfvolleyball.de\/index.php\/2024\/08\/20\/alter-bekannter-bringt-frischen-wind\/"},"wordCount":659,"publisher":{"@id":"https:\/\/svfvolleyball.de\/#organization"},"image":{"@id":"https:\/\/svfvolleyball.de\/index.php\/2024\/08\/20\/alter-bekannter-bringt-frischen-wind\/#primaryimage"},"thumbnailUrl":"https:\/\/svfvolleyball.de\/wp-content\/uploads\/2024\/08\/Hanenberg-527x1024.jpg","inLanguage":"de"},{"@type":"WebPage","@id":"https:\/\/svfvolleyball.de\/index.php\/2024\/08\/20\/alter-bekannter-bringt-frischen-wind\/","url":"https:\/\/svfvolleyball.de\/index.php\/2024\/08\/20\/alter-bekannter-bringt-frischen-wind\/","name":"Alter Bekannter bringt frischen Wind - SVF Volleyball","isPartOf":{"@id":"https:\/\/svfvolleyball.de\/#website"},"primaryImageOfPage":{"@id":"https:\/\/svfvolleyball.de\/index.php\/2024\/08\/20\/alter-bekannter-bringt-frischen-wind\/#primaryimage"},"image":{"@id":"https:\/\/svfvolleyball.de\/index.php\/2024\/08\/20\/alter-bekannter-bringt-frischen-wind\/#primaryimage"},"thumbnailUrl":"https:\/\/svfvolleyball.de\/wp-content\/uploads\/2024\/08\/Hanenberg-527x1024.jpg","datePublished":"2024-08-20T06:46:16+00:00","dateModified":"2024-08-20T06:46:17+00:00","breadcrumb":{"@id":"https:\/\/svfvolleyball.de\/index.php\/2024\/08\/20\/alter-bekannter-bringt-frischen-wind\/#breadcrumb"},"inLanguage":"de","potentialAction":[{"@type":"ReadAction","target":["https:\/\/svfvolleyball.de\/index.php\/2024\/08\/20\/alter-bekannter-bringt-frischen-wind\/"]}]},{"@type":"ImageObject","inLanguage":"de","@id":"https:\/\/svfvolleyball.de\/index.php\/2024\/08\/20\/alter-bekannter-bringt-frischen-wind\/#primaryimage","url":"https:\/\/svfvolleyball.de\/wp-content\/uploads\/2024\/08\/Hanenberg.jpg","contentUrl":"https:\/\/svfvolleyball.de\/wp-content\/uploads\/2024\/08\/Hanenberg.jpg","width":616,"height":1197},{"@type":"BreadcrumbList","@id":"https:\/\/svfvolleyball.de\/index.php\/2024\/08\/20\/alter-bekannter-bringt-frischen-wind\/#breadcrumb","itemListElement":[{"@type":"ListItem","position":1,"name":"Startseite","item":"https:\/\/svfvolleyball.de\/"},{"@type":"ListItem","position":2,"name":"Alter Bekannter bringt frischen Wind"}]},{"@type":"WebSite","@id":"https:\/\/svfvolleyball.de\/#website","url":"https:\/\/svfvolleyball.de\/","name":"SVF Volleyball","description":"Volleyball Regionalliga in Fellbach!","publisher":{"@id":"https:\/\/svfvolleyball.de\/#organization"},"potentialAction":[{"@type":"SearchAction","target":{"@type":"EntryPoint","urlTemplate":"https:\/\/svfvolleyball.de\/?s={search_term_string}"},"query-input":{"@type":"PropertyValueSpecification","valueRequired":true,"valueName":"search_term_string"}}],"inLanguage":"de"},{"@type":"Organization","@id":"https:\/\/svfvolleyball.de\/#organization","name":"SV Fellbach Volleyball","url":"https:\/\/svfvolleyball.de\/","logo":{"@type":"ImageObject","inLanguage":"de","@id":"https:\/\/svfvolleyball.de\/#\/schema\/logo\/image\/","url":"https:\/\/svfvolleyball.de\/wp-content\/uploads\/2021\/07\/SVFV_RotesRudel.jpg","contentUrl":"https:\/\/svfvolleyball.de\/wp-content\/uploads\/2021\/07\/SVFV_RotesRudel.jpg","width":1200,"height":1564,"caption":"SV Fellbach Volleyball"},"image":{"@id":"https:\/\/svfvolleyball.de\/#\/schema\/logo\/image\/"}},{"@type":"Person","@id":"https:\/\/svfvolleyball.de\/#\/schema\/person\/f29518a892b1579fe0c32e7f0e5f1394","name":"Werner Hofmann","image":{"@type":"ImageObject","inLanguage":"de","@id":"https:\/\/svfvolleyball.de\/#\/schema\/person\/image\/","url":"https:\/\/secure.gravatar.com\/avatar\/fa7d6c333324c59e0b9fe983c02164b2?s=96&d=mm&r=g","contentUrl":"https:\/\/secure.gravatar.com\/avatar\/fa7d6c333324c59e0b9fe983c02164b2?s=96&d=mm&r=g","caption":"Werner Hofmann"},"url":"https:\/\/svfvolleyball.de\/index.php\/author\/svfhofmann\/"}]}},"_links":{"self":[{"href":"https:\/\/svfvolleyball.de\/index.php\/wp-json\/wp\/v2\/posts\/7899","targetHints":{"allow":["GET"]}}],"collection":[{"href":"https:\/\/svfvolleyball.de\/index.php\/wp-json\/wp\/v2\/posts"}],"about":[{"href":"https:\/\/svfvolleyball.de\/index.php\/wp-json\/wp\/v2\/types\/post"}],"author":[{"embeddable":true,"href":"https:\/\/svfvolleyball.de\/index.php\/wp-json\/wp\/v2\/users\/6"}],"replies":[{"embeddable":true,"href":"https:\/\/svfvolleyball.de\/index.php\/wp-json\/wp\/v2\/comments?post=7899"}],"version-history":[{"count":1,"href":"https:\/\/svfvolleyball.de\/index.php\/wp-json\/wp\/v2\/posts\/7899\/revisions"}],"predecessor-version":[{"id":7902,"href":"https:\/\/svfvolleyball.de\/index.php\/wp-json\/wp\/v2\/posts\/7899\/revisions\/7902"}],"wp:attachment":[{"href":"https:\/\/svfvolleyball.de\/index.php\/wp-json\/wp\/v2\/media?parent=7899"}],"wp:term":[{"taxonomy":"category","embeddable":true,"href":"https:\/\/svfvolleyball.de\/index.php\/wp-json\/wp\/v2\/categories?post=7899"},{"taxonomy":"post_tag","embeddable":true,"href":"https:\/\/svfvolleyball.de\/index.php\/wp-json\/wp\/v2\/tags?post=7899"}],"curies":[{"name":"wp","href":"https:\/\/api.w.org\/{rel}","templated":true}]}}