
{"id":7153,"date":"2023-01-31T08:22:33","date_gmt":"2023-01-31T07:22:33","guid":{"rendered":"https:\/\/svfvolleyball.de\/?p=7153"},"modified":"2023-01-31T08:22:33","modified_gmt":"2023-01-31T07:22:33","slug":"durchschlagskraft-im-angriff-fehlt-03","status":"publish","type":"post","link":"https:\/\/svfvolleyball.de\/index.php\/2023\/01\/31\/durchschlagskraft-im-angriff-fehlt-03\/","title":{"rendered":"Durchschlagskraft im Angriff fehlt \u2013 0:3"},"content":{"rendered":"\n<p>Nach der knappen 2:3-Niederlage Ende Oktober auf der Ostalb hatten sich die Regionalliga-Volleyballerinnen des SV Fellbach f\u00fcr das zweite Aufeinandertreffen mit der DJK Schw\u00e4bisch Gm\u00fcnd einiges ausgerechnet. Gekommen ist es in der G\u00e4u\u00e4ckerhalle I dann aber ganz anders. Die G\u00e4ste sind am Samstagabend mit einem 3:0-Sieg (25:21, 25:15, 25:17) nach Hause gefahren. \u201eSpielerisch waren wir auf Augenh\u00f6he, aber uns hat im Angriff die Durchschlagskraft gefehlt. Wir haben aus unseren Chancen zu wenige Punkte gemacht\u201c, sagte der SVF-Trainer Alexander Vorsterman van Oijen.<\/p>\n\n\n\n<p>Dass es die Gm\u00fcnderinnen leichter hatten als erwartet, lag nicht zuletzt daran, dass den Gastgeberinnen kurzfristig drei wichtige Spielerinnen nicht zur Verf\u00fcgung standen: Die ehemalige Gm\u00fcnderin Carmen Feistritzer und Fulvia Scarioni hatten sich aufgrund anderweitiger Verpflichtungen abgemeldet, und Nadine Rohde hatte sich im Abschlusstraining eine B\u00e4nderverletzung im Fu\u00df zugezogen, die einen Einsatz verhinderte. In der Tabelle belegen die Fellbacherinnen weiterhin den drittletzten Rang.SV Fellbach:\u00a0Ihle, Zojzi, Stohner, Kilgus, K\u00f6ssinger, Berg, Laissle, K\u00e4stner, Berger, Fleischmann, Schlotfeldt.<\/p>\n\n\n\n<p><strong>Harald Landwehr   Fellbacher Zeitung<\/strong><\/p>\n","protected":false},"excerpt":{"rendered":"<p>Nach der knappen 2:3-Niederlage Ende Oktober auf der Ostalb hatten sich die Regionalliga-Volleyballerinnen des SV Fellbach f\u00fcr das zweite Aufeinandertreffen mit der DJK Schw\u00e4bisch Gm\u00fcnd einiges ausgerechnet. Gekommen ist es in der G\u00e4u\u00e4ckerhalle I dann aber ganz anders. Die G\u00e4ste sind am Samstagabend mit einem 3:0-Sieg (25:21, 25:15, 25:17) nach Hause gefahren. \u201eSpielerisch waren wir [&hellip;]<\/p>\n","protected":false},"author":6,"featured_media":0,"comment_status":"closed","ping_status":"open","sticky":false,"template":"","format":"standard","meta":{"inline_featured_image":false,"footnotes":""},"categories":[1],"tags":[],"class_list":["post-7153","post","type-post","status-publish","format-standard","hentry","category-allgemein"],"yoast_head":"<!-- This site is optimized with the Yoast SEO plugin v26.1.1 - https:\/\/yoast.com\/wordpress\/plugins\/seo\/ -->\n<title>Durchschlagskraft im Angriff fehlt \u2013 0:3 - SVF Volleyball<\/title>\n<meta name=\"robots\" content=\"index, follow, max-snippet:-1, max-image-preview:large, max-video-preview:-1\" \/>\n<link rel=\"canonical\" href=\"https:\/\/svfvolleyball.de\/index.php\/2023\/01\/31\/durchschlagskraft-im-angriff-fehlt-03\/\" \/>\n<meta name=\"twitter:label1\" content=\"Verfasst von\" \/>\n\t<meta name=\"twitter:data1\" content=\"Werner Hofmann\" \/>\n\t<meta name=\"twitter:label2\" content=\"Gesch\u00e4tzte Lesezeit\" \/>\n\t<meta name=\"twitter:data2\" content=\"1\u00a0Minute\" \/>\n<script type=\"application\/ld+json\" class=\"yoast-schema-graph\">{\"@context\":\"https:\/\/schema.org\",\"@graph\":[{\"@type\":\"Article\",\"@id\":\"https:\/\/svfvolleyball.de\/index.php\/2023\/01\/31\/durchschlagskraft-im-angriff-fehlt-03\/#article\",\"isPartOf\":{\"@id\":\"https:\/\/svfvolleyball.de\/index.php\/2023\/01\/31\/durchschlagskraft-im-angriff-fehlt-03\/\"},\"author\":{\"name\":\"Werner Hofmann\",\"@id\":\"https:\/\/svfvolleyball.de\/#\/schema\/person\/f29518a892b1579fe0c32e7f0e5f1394\"},\"headline\":\"Durchschlagskraft im Angriff fehlt \u2013 0:3\",\"datePublished\":\"2023-01-31T07:22:33+00:00\",\"mainEntityOfPage\":{\"@id\":\"https:\/\/svfvolleyball.de\/index.php\/2023\/01\/31\/durchschlagskraft-im-angriff-fehlt-03\/\"},\"wordCount\":175,\"publisher\":{\"@id\":\"https:\/\/svfvolleyball.de\/#organization\"},\"inLanguage\":\"de\"},{\"@type\":\"WebPage\",\"@id\":\"https:\/\/svfvolleyball.de\/index.php\/2023\/01\/31\/durchschlagskraft-im-angriff-fehlt-03\/\",\"url\":\"https:\/\/svfvolleyball.de\/index.php\/2023\/01\/31\/durchschlagskraft-im-angriff-fehlt-03\/\",\"name\":\"Durchschlagskraft im Angriff fehlt \u2013 0:3 - SVF Volleyball\",\"isPartOf\":{\"@id\":\"https:\/\/svfvolleyball.de\/#website\"},\"datePublished\":\"2023-01-31T07:22:33+00:00\",\"breadcrumb\":{\"@id\":\"https:\/\/svfvolleyball.de\/index.php\/2023\/01\/31\/durchschlagskraft-im-angriff-fehlt-03\/#breadcrumb\"},\"inLanguage\":\"de\",\"potentialAction\":[{\"@type\":\"ReadAction\",\"target\":[\"https:\/\/svfvolleyball.de\/index.php\/2023\/01\/31\/durchschlagskraft-im-angriff-fehlt-03\/\"]}]},{\"@type\":\"BreadcrumbList\",\"@id\":\"https:\/\/svfvolleyball.de\/index.php\/2023\/01\/31\/durchschlagskraft-im-angriff-fehlt-03\/#breadcrumb\",\"itemListElement\":[{\"@type\":\"ListItem\",\"position\":1,\"name\":\"Startseite\",\"item\":\"https:\/\/svfvolleyball.de\/\"},{\"@type\":\"ListItem\",\"position\":2,\"name\":\"Durchschlagskraft im Angriff fehlt \u2013 0:3\"}]},{\"@type\":\"WebSite\",\"@id\":\"https:\/\/svfvolleyball.de\/#website\",\"url\":\"https:\/\/svfvolleyball.de\/\",\"name\":\"SVF Volleyball\",\"description\":\"Volleyball Regionalliga in Fellbach!\",\"publisher\":{\"@id\":\"https:\/\/svfvolleyball.de\/#organization\"},\"potentialAction\":[{\"@type\":\"SearchAction\",\"target\":{\"@type\":\"EntryPoint\",\"urlTemplate\":\"https:\/\/svfvolleyball.de\/?s={search_term_string}\"},\"query-input\":{\"@type\":\"PropertyValueSpecification\",\"valueRequired\":true,\"valueName\":\"search_term_string\"}}],\"inLanguage\":\"de\"},{\"@type\":\"Organization\",\"@id\":\"https:\/\/svfvolleyball.de\/#organization\",\"name\":\"SV Fellbach Volleyball\",\"url\":\"https:\/\/svfvolleyball.de\/\",\"logo\":{\"@type\":\"ImageObject\",\"inLanguage\":\"de\",\"@id\":\"https:\/\/svfvolleyball.de\/#\/schema\/logo\/image\/\",\"url\":\"https:\/\/svfvolleyball.de\/wp-content\/uploads\/2021\/07\/SVFV_RotesRudel.jpg\",\"contentUrl\":\"https:\/\/svfvolleyball.de\/wp-content\/uploads\/2021\/07\/SVFV_RotesRudel.jpg\",\"width\":1200,\"height\":1564,\"caption\":\"SV Fellbach Volleyball\"},\"image\":{\"@id\":\"https:\/\/svfvolleyball.de\/#\/schema\/logo\/image\/\"}},{\"@type\":\"Person\",\"@id\":\"https:\/\/svfvolleyball.de\/#\/schema\/person\/f29518a892b1579fe0c32e7f0e5f1394\",\"name\":\"Werner Hofmann\",\"image\":{\"@type\":\"ImageObject\",\"inLanguage\":\"de\",\"@id\":\"https:\/\/svfvolleyball.de\/#\/schema\/person\/image\/\",\"url\":\"https:\/\/secure.gravatar.com\/avatar\/fa7d6c333324c59e0b9fe983c02164b2?s=96&d=mm&r=g\",\"contentUrl\":\"https:\/\/secure.gravatar.com\/avatar\/fa7d6c333324c59e0b9fe983c02164b2?s=96&d=mm&r=g\",\"caption\":\"Werner Hofmann\"},\"url\":\"https:\/\/svfvolleyball.de\/index.php\/author\/svfhofmann\/\"}]}<\/script>\n<!-- \/ Yoast SEO plugin. -->","yoast_head_json":{"title":"Durchschlagskraft im Angriff fehlt \u2013 0:3 - SVF Volleyball","robots":{"index":"index","follow":"follow","max-snippet":"max-snippet:-1","max-image-preview":"max-image-preview:large","max-video-preview":"max-video-preview:-1"},"canonical":"https:\/\/svfvolleyball.de\/index.php\/2023\/01\/31\/durchschlagskraft-im-angriff-fehlt-03\/","twitter_misc":{"Verfasst von":"Werner Hofmann","Gesch\u00e4tzte Lesezeit":"1\u00a0Minute"},"schema":{"@context":"https:\/\/schema.org","@graph":[{"@type":"Article","@id":"https:\/\/svfvolleyball.de\/index.php\/2023\/01\/31\/durchschlagskraft-im-angriff-fehlt-03\/#article","isPartOf":{"@id":"https:\/\/svfvolleyball.de\/index.php\/2023\/01\/31\/durchschlagskraft-im-angriff-fehlt-03\/"},"author":{"name":"Werner Hofmann","@id":"https:\/\/svfvolleyball.de\/#\/schema\/person\/f29518a892b1579fe0c32e7f0e5f1394"},"headline":"Durchschlagskraft im Angriff fehlt \u2013 0:3","datePublished":"2023-01-31T07:22:33+00:00","mainEntityOfPage":{"@id":"https:\/\/svfvolleyball.de\/index.php\/2023\/01\/31\/durchschlagskraft-im-angriff-fehlt-03\/"},"wordCount":175,"publisher":{"@id":"https:\/\/svfvolleyball.de\/#organization"},"inLanguage":"de"},{"@type":"WebPage","@id":"https:\/\/svfvolleyball.de\/index.php\/2023\/01\/31\/durchschlagskraft-im-angriff-fehlt-03\/","url":"https:\/\/svfvolleyball.de\/index.php\/2023\/01\/31\/durchschlagskraft-im-angriff-fehlt-03\/","name":"Durchschlagskraft im Angriff fehlt \u2013 0:3 - SVF Volleyball","isPartOf":{"@id":"https:\/\/svfvolleyball.de\/#website"},"datePublished":"2023-01-31T07:22:33+00:00","breadcrumb":{"@id":"https:\/\/svfvolleyball.de\/index.php\/2023\/01\/31\/durchschlagskraft-im-angriff-fehlt-03\/#breadcrumb"},"inLanguage":"de","potentialAction":[{"@type":"ReadAction","target":["https:\/\/svfvolleyball.de\/index.php\/2023\/01\/31\/durchschlagskraft-im-angriff-fehlt-03\/"]}]},{"@type":"BreadcrumbList","@id":"https:\/\/svfvolleyball.de\/index.php\/2023\/01\/31\/durchschlagskraft-im-angriff-fehlt-03\/#breadcrumb","itemListElement":[{"@type":"ListItem","position":1,"name":"Startseite","item":"https:\/\/svfvolleyball.de\/"},{"@type":"ListItem","position":2,"name":"Durchschlagskraft im Angriff fehlt \u2013 0:3"}]},{"@type":"WebSite","@id":"https:\/\/svfvolleyball.de\/#website","url":"https:\/\/svfvolleyball.de\/","name":"SVF Volleyball","description":"Volleyball Regionalliga in Fellbach!","publisher":{"@id":"https:\/\/svfvolleyball.de\/#organization"},"potentialAction":[{"@type":"SearchAction","target":{"@type":"EntryPoint","urlTemplate":"https:\/\/svfvolleyball.de\/?s={search_term_string}"},"query-input":{"@type":"PropertyValueSpecification","valueRequired":true,"valueName":"search_term_string"}}],"inLanguage":"de"},{"@type":"Organization","@id":"https:\/\/svfvolleyball.de\/#organization","name":"SV Fellbach Volleyball","url":"https:\/\/svfvolleyball.de\/","logo":{"@type":"ImageObject","inLanguage":"de","@id":"https:\/\/svfvolleyball.de\/#\/schema\/logo\/image\/","url":"https:\/\/svfvolleyball.de\/wp-content\/uploads\/2021\/07\/SVFV_RotesRudel.jpg","contentUrl":"https:\/\/svfvolleyball.de\/wp-content\/uploads\/2021\/07\/SVFV_RotesRudel.jpg","width":1200,"height":1564,"caption":"SV Fellbach Volleyball"},"image":{"@id":"https:\/\/svfvolleyball.de\/#\/schema\/logo\/image\/"}},{"@type":"Person","@id":"https:\/\/svfvolleyball.de\/#\/schema\/person\/f29518a892b1579fe0c32e7f0e5f1394","name":"Werner Hofmann","image":{"@type":"ImageObject","inLanguage":"de","@id":"https:\/\/svfvolleyball.de\/#\/schema\/person\/image\/","url":"https:\/\/secure.gravatar.com\/avatar\/fa7d6c333324c59e0b9fe983c02164b2?s=96&d=mm&r=g","contentUrl":"https:\/\/secure.gravatar.com\/avatar\/fa7d6c333324c59e0b9fe983c02164b2?s=96&d=mm&r=g","caption":"Werner Hofmann"},"url":"https:\/\/svfvolleyball.de\/index.php\/author\/svfhofmann\/"}]}},"_links":{"self":[{"href":"https:\/\/svfvolleyball.de\/index.php\/wp-json\/wp\/v2\/posts\/7153","targetHints":{"allow":["GET"]}}],"collection":[{"href":"https:\/\/svfvolleyball.de\/index.php\/wp-json\/wp\/v2\/posts"}],"about":[{"href":"https:\/\/svfvolleyball.de\/index.php\/wp-json\/wp\/v2\/types\/post"}],"author":[{"embeddable":true,"href":"https:\/\/svfvolleyball.de\/index.php\/wp-json\/wp\/v2\/users\/6"}],"replies":[{"embeddable":true,"href":"https:\/\/svfvolleyball.de\/index.php\/wp-json\/wp\/v2\/comments?post=7153"}],"version-history":[{"count":1,"href":"https:\/\/svfvolleyball.de\/index.php\/wp-json\/wp\/v2\/posts\/7153\/revisions"}],"predecessor-version":[{"id":7154,"href":"https:\/\/svfvolleyball.de\/index.php\/wp-json\/wp\/v2\/posts\/7153\/revisions\/7154"}],"wp:attachment":[{"href":"https:\/\/svfvolleyball.de\/index.php\/wp-json\/wp\/v2\/media?parent=7153"}],"wp:term":[{"taxonomy":"category","embeddable":true,"href":"https:\/\/svfvolleyball.de\/index.php\/wp-json\/wp\/v2\/categories?post=7153"},{"taxonomy":"post_tag","embeddable":true,"href":"https:\/\/svfvolleyball.de\/index.php\/wp-json\/wp\/v2\/tags?post=7153"}],"curies":[{"name":"wp","href":"https:\/\/api.w.org\/{rel}","templated":true}]}}