
{"id":7151,"date":"2023-01-31T08:20:21","date_gmt":"2023-01-31T07:20:21","guid":{"rendered":"https:\/\/svfvolleyball.de\/?p=7151"},"modified":"2023-01-31T08:20:22","modified_gmt":"2023-01-31T07:20:22","slug":"zwei-saetze-gut-mitgehalten","status":"publish","type":"post","link":"https:\/\/svfvolleyball.de\/index.php\/2023\/01\/31\/zwei-saetze-gut-mitgehalten\/","title":{"rendered":"Zwei S\u00e4tze gut mitgehalten"},"content":{"rendered":"\n<p><strong>Die Regionalliga-Volleyballer des SV Fellbach verlieren ihr Heimspiel gegen den VfB Ulm mit 0:3.<\/strong><\/p>\n\n\n\n<p>Sechs Spiele m\u00fcssen die Volleyballer des SV Fellbach in dieser Saison noch bestreiten, dann ist f\u00fcr sie das Kapitel Regionalliga erst einmal beendet. In der neuen Runde spielt die erste Formation dann in der Oberliga, der f\u00fcnfth\u00f6chsten Klasse. Dort, wo vor gut drei Jahren die dritte Mannschaft des Klubs aktiv war. Zur Erinnerung: Die erste Mannschaft um Akteure wie Manuel Harms, Valentino Nadale und Mario Maser schlug im Fr\u00fchjahr 2019 noch in der zweiten Bundesliga auf. Mario Maser ist mittlerweile Abteilungsleiter und bildet gemeinsam mit Alexandra Berger das Trainer-Duo des Regionalliga-Teams, f\u00fcr das es am Samstagabend gegen den VfB Ulm eine 0:3-Heimniederlage (26:28, 23:25, 16:25) gesetzt hat.<\/p>\n\n\n\n<p>F\u00fcr die Fellbacher war es die 13. Niederlage im 14. Saisonspiel. Nur einmal \u2013 beim 3:1-Hinspielsieg in Ulm \u2013 gingen die Fellbacher Spieler als Sieger vom Feld. \u201eIn Summe waren wir auch diesmal auf Augenh\u00f6he. Am Ende der S\u00e4tze sind uns aber immer zu viele individuelle Fehler unterlaufen, und wir haben die wichtigen Punkte nicht gemacht\u201c, sagte Alexandra Berger nach der j\u00fcngsten Niederlage. Die Gastgeber, die im erst 18 Jahre alten Michael Schneidt ihren besten Spieler hatten, lagen im ersten Durchgang mit 23:21 in F\u00fchrung und hielten auch im zweiten Abschnitt bis zum Satzball gut mit. Am Ende setzten sich dann aber jeweils die G\u00e4ste von der Donau durch.<\/p>\n\n\n\n<p>Mit einer weiteren Niederlage in Bad Waldsee am n\u00e4chsten Sonntag (16 Uhr) k\u00f6nnte der Fellbacher Abstieg bereits f\u00fcnf Spieltage vor dem Saisonende besiegelt sein.\u00a0SV Fellbach:\u00a0Wagner, Welsch, Saez, Anderl, Schneidt, Holzwarth, Thei\u00df, Kaisser, Santiago Bruckner.<\/p>\n\n\n\n<p>Harald Landwehr   Fellbacher Zeitung<\/p>\n","protected":false},"excerpt":{"rendered":"<p>Die Regionalliga-Volleyballer des SV Fellbach verlieren ihr Heimspiel gegen den VfB Ulm mit 0:3. Sechs Spiele m\u00fcssen die Volleyballer des SV Fellbach in dieser Saison noch bestreiten, dann ist f\u00fcr sie das Kapitel Regionalliga erst einmal beendet. In der neuen Runde spielt die erste Formation dann in der Oberliga, der f\u00fcnfth\u00f6chsten Klasse. Dort, wo vor [&hellip;]<\/p>\n","protected":false},"author":6,"featured_media":0,"comment_status":"closed","ping_status":"open","sticky":false,"template":"","format":"standard","meta":{"inline_featured_image":false,"footnotes":""},"categories":[1],"tags":[],"class_list":["post-7151","post","type-post","status-publish","format-standard","hentry","category-allgemein"],"yoast_head":"<!-- This site is optimized with the Yoast SEO plugin v26.1.1 - https:\/\/yoast.com\/wordpress\/plugins\/seo\/ -->\n<title>Zwei S\u00e4tze gut mitgehalten - SVF Volleyball<\/title>\n<meta name=\"robots\" content=\"index, follow, max-snippet:-1, max-image-preview:large, max-video-preview:-1\" \/>\n<link rel=\"canonical\" href=\"https:\/\/svfvolleyball.de\/index.php\/2023\/01\/31\/zwei-saetze-gut-mitgehalten\/\" \/>\n<meta name=\"twitter:label1\" content=\"Verfasst von\" \/>\n\t<meta name=\"twitter:data1\" content=\"Werner Hofmann\" \/>\n\t<meta name=\"twitter:label2\" content=\"Gesch\u00e4tzte Lesezeit\" \/>\n\t<meta name=\"twitter:data2\" content=\"2\u00a0Minuten\" \/>\n<script type=\"application\/ld+json\" class=\"yoast-schema-graph\">{\"@context\":\"https:\/\/schema.org\",\"@graph\":[{\"@type\":\"Article\",\"@id\":\"https:\/\/svfvolleyball.de\/index.php\/2023\/01\/31\/zwei-saetze-gut-mitgehalten\/#article\",\"isPartOf\":{\"@id\":\"https:\/\/svfvolleyball.de\/index.php\/2023\/01\/31\/zwei-saetze-gut-mitgehalten\/\"},\"author\":{\"name\":\"Werner Hofmann\",\"@id\":\"https:\/\/svfvolleyball.de\/#\/schema\/person\/f29518a892b1579fe0c32e7f0e5f1394\"},\"headline\":\"Zwei S\u00e4tze gut mitgehalten\",\"datePublished\":\"2023-01-31T07:20:21+00:00\",\"dateModified\":\"2023-01-31T07:20:22+00:00\",\"mainEntityOfPage\":{\"@id\":\"https:\/\/svfvolleyball.de\/index.php\/2023\/01\/31\/zwei-saetze-gut-mitgehalten\/\"},\"wordCount\":278,\"publisher\":{\"@id\":\"https:\/\/svfvolleyball.de\/#organization\"},\"inLanguage\":\"de\"},{\"@type\":\"WebPage\",\"@id\":\"https:\/\/svfvolleyball.de\/index.php\/2023\/01\/31\/zwei-saetze-gut-mitgehalten\/\",\"url\":\"https:\/\/svfvolleyball.de\/index.php\/2023\/01\/31\/zwei-saetze-gut-mitgehalten\/\",\"name\":\"Zwei S\u00e4tze gut mitgehalten - SVF Volleyball\",\"isPartOf\":{\"@id\":\"https:\/\/svfvolleyball.de\/#website\"},\"datePublished\":\"2023-01-31T07:20:21+00:00\",\"dateModified\":\"2023-01-31T07:20:22+00:00\",\"breadcrumb\":{\"@id\":\"https:\/\/svfvolleyball.de\/index.php\/2023\/01\/31\/zwei-saetze-gut-mitgehalten\/#breadcrumb\"},\"inLanguage\":\"de\",\"potentialAction\":[{\"@type\":\"ReadAction\",\"target\":[\"https:\/\/svfvolleyball.de\/index.php\/2023\/01\/31\/zwei-saetze-gut-mitgehalten\/\"]}]},{\"@type\":\"BreadcrumbList\",\"@id\":\"https:\/\/svfvolleyball.de\/index.php\/2023\/01\/31\/zwei-saetze-gut-mitgehalten\/#breadcrumb\",\"itemListElement\":[{\"@type\":\"ListItem\",\"position\":1,\"name\":\"Startseite\",\"item\":\"https:\/\/svfvolleyball.de\/\"},{\"@type\":\"ListItem\",\"position\":2,\"name\":\"Zwei S\u00e4tze gut mitgehalten\"}]},{\"@type\":\"WebSite\",\"@id\":\"https:\/\/svfvolleyball.de\/#website\",\"url\":\"https:\/\/svfvolleyball.de\/\",\"name\":\"SVF Volleyball\",\"description\":\"Volleyball Regionalliga in Fellbach!\",\"publisher\":{\"@id\":\"https:\/\/svfvolleyball.de\/#organization\"},\"potentialAction\":[{\"@type\":\"SearchAction\",\"target\":{\"@type\":\"EntryPoint\",\"urlTemplate\":\"https:\/\/svfvolleyball.de\/?s={search_term_string}\"},\"query-input\":{\"@type\":\"PropertyValueSpecification\",\"valueRequired\":true,\"valueName\":\"search_term_string\"}}],\"inLanguage\":\"de\"},{\"@type\":\"Organization\",\"@id\":\"https:\/\/svfvolleyball.de\/#organization\",\"name\":\"SV Fellbach Volleyball\",\"url\":\"https:\/\/svfvolleyball.de\/\",\"logo\":{\"@type\":\"ImageObject\",\"inLanguage\":\"de\",\"@id\":\"https:\/\/svfvolleyball.de\/#\/schema\/logo\/image\/\",\"url\":\"https:\/\/svfvolleyball.de\/wp-content\/uploads\/2021\/07\/SVFV_RotesRudel.jpg\",\"contentUrl\":\"https:\/\/svfvolleyball.de\/wp-content\/uploads\/2021\/07\/SVFV_RotesRudel.jpg\",\"width\":1200,\"height\":1564,\"caption\":\"SV Fellbach Volleyball\"},\"image\":{\"@id\":\"https:\/\/svfvolleyball.de\/#\/schema\/logo\/image\/\"}},{\"@type\":\"Person\",\"@id\":\"https:\/\/svfvolleyball.de\/#\/schema\/person\/f29518a892b1579fe0c32e7f0e5f1394\",\"name\":\"Werner Hofmann\",\"image\":{\"@type\":\"ImageObject\",\"inLanguage\":\"de\",\"@id\":\"https:\/\/svfvolleyball.de\/#\/schema\/person\/image\/\",\"url\":\"https:\/\/secure.gravatar.com\/avatar\/fa7d6c333324c59e0b9fe983c02164b2?s=96&d=mm&r=g\",\"contentUrl\":\"https:\/\/secure.gravatar.com\/avatar\/fa7d6c333324c59e0b9fe983c02164b2?s=96&d=mm&r=g\",\"caption\":\"Werner Hofmann\"},\"url\":\"https:\/\/svfvolleyball.de\/index.php\/author\/svfhofmann\/\"}]}<\/script>\n<!-- \/ Yoast SEO plugin. -->","yoast_head_json":{"title":"Zwei S\u00e4tze gut mitgehalten - SVF Volleyball","robots":{"index":"index","follow":"follow","max-snippet":"max-snippet:-1","max-image-preview":"max-image-preview:large","max-video-preview":"max-video-preview:-1"},"canonical":"https:\/\/svfvolleyball.de\/index.php\/2023\/01\/31\/zwei-saetze-gut-mitgehalten\/","twitter_misc":{"Verfasst von":"Werner Hofmann","Gesch\u00e4tzte Lesezeit":"2\u00a0Minuten"},"schema":{"@context":"https:\/\/schema.org","@graph":[{"@type":"Article","@id":"https:\/\/svfvolleyball.de\/index.php\/2023\/01\/31\/zwei-saetze-gut-mitgehalten\/#article","isPartOf":{"@id":"https:\/\/svfvolleyball.de\/index.php\/2023\/01\/31\/zwei-saetze-gut-mitgehalten\/"},"author":{"name":"Werner Hofmann","@id":"https:\/\/svfvolleyball.de\/#\/schema\/person\/f29518a892b1579fe0c32e7f0e5f1394"},"headline":"Zwei S\u00e4tze gut mitgehalten","datePublished":"2023-01-31T07:20:21+00:00","dateModified":"2023-01-31T07:20:22+00:00","mainEntityOfPage":{"@id":"https:\/\/svfvolleyball.de\/index.php\/2023\/01\/31\/zwei-saetze-gut-mitgehalten\/"},"wordCount":278,"publisher":{"@id":"https:\/\/svfvolleyball.de\/#organization"},"inLanguage":"de"},{"@type":"WebPage","@id":"https:\/\/svfvolleyball.de\/index.php\/2023\/01\/31\/zwei-saetze-gut-mitgehalten\/","url":"https:\/\/svfvolleyball.de\/index.php\/2023\/01\/31\/zwei-saetze-gut-mitgehalten\/","name":"Zwei S\u00e4tze gut mitgehalten - SVF Volleyball","isPartOf":{"@id":"https:\/\/svfvolleyball.de\/#website"},"datePublished":"2023-01-31T07:20:21+00:00","dateModified":"2023-01-31T07:20:22+00:00","breadcrumb":{"@id":"https:\/\/svfvolleyball.de\/index.php\/2023\/01\/31\/zwei-saetze-gut-mitgehalten\/#breadcrumb"},"inLanguage":"de","potentialAction":[{"@type":"ReadAction","target":["https:\/\/svfvolleyball.de\/index.php\/2023\/01\/31\/zwei-saetze-gut-mitgehalten\/"]}]},{"@type":"BreadcrumbList","@id":"https:\/\/svfvolleyball.de\/index.php\/2023\/01\/31\/zwei-saetze-gut-mitgehalten\/#breadcrumb","itemListElement":[{"@type":"ListItem","position":1,"name":"Startseite","item":"https:\/\/svfvolleyball.de\/"},{"@type":"ListItem","position":2,"name":"Zwei S\u00e4tze gut mitgehalten"}]},{"@type":"WebSite","@id":"https:\/\/svfvolleyball.de\/#website","url":"https:\/\/svfvolleyball.de\/","name":"SVF Volleyball","description":"Volleyball Regionalliga in Fellbach!","publisher":{"@id":"https:\/\/svfvolleyball.de\/#organization"},"potentialAction":[{"@type":"SearchAction","target":{"@type":"EntryPoint","urlTemplate":"https:\/\/svfvolleyball.de\/?s={search_term_string}"},"query-input":{"@type":"PropertyValueSpecification","valueRequired":true,"valueName":"search_term_string"}}],"inLanguage":"de"},{"@type":"Organization","@id":"https:\/\/svfvolleyball.de\/#organization","name":"SV Fellbach Volleyball","url":"https:\/\/svfvolleyball.de\/","logo":{"@type":"ImageObject","inLanguage":"de","@id":"https:\/\/svfvolleyball.de\/#\/schema\/logo\/image\/","url":"https:\/\/svfvolleyball.de\/wp-content\/uploads\/2021\/07\/SVFV_RotesRudel.jpg","contentUrl":"https:\/\/svfvolleyball.de\/wp-content\/uploads\/2021\/07\/SVFV_RotesRudel.jpg","width":1200,"height":1564,"caption":"SV Fellbach Volleyball"},"image":{"@id":"https:\/\/svfvolleyball.de\/#\/schema\/logo\/image\/"}},{"@type":"Person","@id":"https:\/\/svfvolleyball.de\/#\/schema\/person\/f29518a892b1579fe0c32e7f0e5f1394","name":"Werner Hofmann","image":{"@type":"ImageObject","inLanguage":"de","@id":"https:\/\/svfvolleyball.de\/#\/schema\/person\/image\/","url":"https:\/\/secure.gravatar.com\/avatar\/fa7d6c333324c59e0b9fe983c02164b2?s=96&d=mm&r=g","contentUrl":"https:\/\/secure.gravatar.com\/avatar\/fa7d6c333324c59e0b9fe983c02164b2?s=96&d=mm&r=g","caption":"Werner Hofmann"},"url":"https:\/\/svfvolleyball.de\/index.php\/author\/svfhofmann\/"}]}},"_links":{"self":[{"href":"https:\/\/svfvolleyball.de\/index.php\/wp-json\/wp\/v2\/posts\/7151","targetHints":{"allow":["GET"]}}],"collection":[{"href":"https:\/\/svfvolleyball.de\/index.php\/wp-json\/wp\/v2\/posts"}],"about":[{"href":"https:\/\/svfvolleyball.de\/index.php\/wp-json\/wp\/v2\/types\/post"}],"author":[{"embeddable":true,"href":"https:\/\/svfvolleyball.de\/index.php\/wp-json\/wp\/v2\/users\/6"}],"replies":[{"embeddable":true,"href":"https:\/\/svfvolleyball.de\/index.php\/wp-json\/wp\/v2\/comments?post=7151"}],"version-history":[{"count":1,"href":"https:\/\/svfvolleyball.de\/index.php\/wp-json\/wp\/v2\/posts\/7151\/revisions"}],"predecessor-version":[{"id":7152,"href":"https:\/\/svfvolleyball.de\/index.php\/wp-json\/wp\/v2\/posts\/7151\/revisions\/7152"}],"wp:attachment":[{"href":"https:\/\/svfvolleyball.de\/index.php\/wp-json\/wp\/v2\/media?parent=7151"}],"wp:term":[{"taxonomy":"category","embeddable":true,"href":"https:\/\/svfvolleyball.de\/index.php\/wp-json\/wp\/v2\/categories?post=7151"},{"taxonomy":"post_tag","embeddable":true,"href":"https:\/\/svfvolleyball.de\/index.php\/wp-json\/wp\/v2\/tags?post=7151"}],"curies":[{"name":"wp","href":"https:\/\/api.w.org\/{rel}","templated":true}]}}