
{"id":7138,"date":"2023-01-13T11:23:11","date_gmt":"2023-01-13T10:23:11","guid":{"rendered":"https:\/\/svfvolleyball.de\/?p=7138"},"modified":"2023-01-13T11:23:11","modified_gmt":"2023-01-13T10:23:11","slug":"mario-maser-hofft-auf-mentale-staerke","status":"publish","type":"post","link":"https:\/\/svfvolleyball.de\/index.php\/2023\/01\/13\/mario-maser-hofft-auf-mentale-staerke\/","title":{"rendered":"Mario Maser hofft auf mentale St\u00e4rke"},"content":{"rendered":"\n<p>Im Hinspiel waren die Regionalliga-Volleyballer des SV Fellbach bei der 0:3-Niederlage noch absolut chancenlos gewesen. Dennoch hofft das Liga-Schlusslicht beim zweiten Aufeinandertreffen mit der SG Heidelberg am Samstag (20 Uhr, G\u00e4u\u00e4ckerhalle I) etwas Z\u00e4hlbares mitzunehmen. \u201eSportlich k\u00f6nnen wir mit jedem Gegner lange mithalten. Was uns aber bisher immer wieder zum Satzgewinn gefehlt hat, war die mentale St\u00e4rke in der Schlussphase\u201c, sagt der SVF-Trainer Mario Maser. Auf diese St\u00e4rke hofft er nun im R\u00fcckspiel. Weiter ausfallen wird voraussichtlich der Libero Ilias Thei\u00df, der sich nach einer langen Pause aufgrund einer Knieverletzung nun auch noch am Daumen verletzt hat. Auf seiner Position wird noch einmal Joachim Hesse aus der zweiten Mannschaft aushelfen.<\/p>\n\n\n\n<p>Bereits um 16.30 Uhr empfangen an gleicher St\u00e4tte die Fellbacher Regionalliga-Volleyballerinnen den Tabellenzweiten TSF Ditzingen um die ehemalige Schmidener Drittligaspielerin Anika Pastow (2014 bis 2017). \u201eEs w\u00e4re sch\u00f6n, wenn wir nicht nur Spiele gegen die direkten Konkurrenten im Abstiegskampf gewinnen k\u00f6nnten, sondern auch gegen die Topteams den einen oder anderen Punkt mitnehmen\u201c, sagt der Trainer Alexander Vorsterman van Oijen.<\/p>\n\n\n\n<p><strong>Harald Landwehr   Fellbacher Zeitung<\/strong><\/p>\n","protected":false},"excerpt":{"rendered":"<p>Im Hinspiel waren die Regionalliga-Volleyballer des SV Fellbach bei der 0:3-Niederlage noch absolut chancenlos gewesen. Dennoch hofft das Liga-Schlusslicht beim zweiten Aufeinandertreffen mit der SG Heidelberg am Samstag (20 Uhr, G\u00e4u\u00e4ckerhalle I) etwas Z\u00e4hlbares mitzunehmen. \u201eSportlich k\u00f6nnen wir mit jedem Gegner lange mithalten. Was uns aber bisher immer wieder zum Satzgewinn gefehlt hat, war die [&hellip;]<\/p>\n","protected":false},"author":6,"featured_media":0,"comment_status":"closed","ping_status":"open","sticky":false,"template":"","format":"standard","meta":{"inline_featured_image":false,"footnotes":""},"categories":[1],"tags":[],"class_list":["post-7138","post","type-post","status-publish","format-standard","hentry","category-allgemein"],"yoast_head":"<!-- This site is optimized with the Yoast SEO plugin v26.1.1 - https:\/\/yoast.com\/wordpress\/plugins\/seo\/ -->\n<title>Mario Maser hofft auf mentale St\u00e4rke - SVF Volleyball<\/title>\n<meta name=\"robots\" content=\"index, follow, max-snippet:-1, max-image-preview:large, max-video-preview:-1\" \/>\n<link rel=\"canonical\" href=\"https:\/\/svfvolleyball.de\/index.php\/2023\/01\/13\/mario-maser-hofft-auf-mentale-staerke\/\" \/>\n<meta name=\"twitter:label1\" content=\"Verfasst von\" \/>\n\t<meta name=\"twitter:data1\" content=\"Werner Hofmann\" \/>\n\t<meta name=\"twitter:label2\" content=\"Gesch\u00e4tzte Lesezeit\" \/>\n\t<meta name=\"twitter:data2\" content=\"1\u00a0Minute\" \/>\n<script type=\"application\/ld+json\" class=\"yoast-schema-graph\">{\"@context\":\"https:\/\/schema.org\",\"@graph\":[{\"@type\":\"Article\",\"@id\":\"https:\/\/svfvolleyball.de\/index.php\/2023\/01\/13\/mario-maser-hofft-auf-mentale-staerke\/#article\",\"isPartOf\":{\"@id\":\"https:\/\/svfvolleyball.de\/index.php\/2023\/01\/13\/mario-maser-hofft-auf-mentale-staerke\/\"},\"author\":{\"name\":\"Werner Hofmann\",\"@id\":\"https:\/\/svfvolleyball.de\/#\/schema\/person\/f29518a892b1579fe0c32e7f0e5f1394\"},\"headline\":\"Mario Maser hofft auf mentale St\u00e4rke\",\"datePublished\":\"2023-01-13T10:23:11+00:00\",\"mainEntityOfPage\":{\"@id\":\"https:\/\/svfvolleyball.de\/index.php\/2023\/01\/13\/mario-maser-hofft-auf-mentale-staerke\/\"},\"wordCount\":187,\"publisher\":{\"@id\":\"https:\/\/svfvolleyball.de\/#organization\"},\"inLanguage\":\"de\"},{\"@type\":\"WebPage\",\"@id\":\"https:\/\/svfvolleyball.de\/index.php\/2023\/01\/13\/mario-maser-hofft-auf-mentale-staerke\/\",\"url\":\"https:\/\/svfvolleyball.de\/index.php\/2023\/01\/13\/mario-maser-hofft-auf-mentale-staerke\/\",\"name\":\"Mario Maser hofft auf mentale St\u00e4rke - SVF Volleyball\",\"isPartOf\":{\"@id\":\"https:\/\/svfvolleyball.de\/#website\"},\"datePublished\":\"2023-01-13T10:23:11+00:00\",\"breadcrumb\":{\"@id\":\"https:\/\/svfvolleyball.de\/index.php\/2023\/01\/13\/mario-maser-hofft-auf-mentale-staerke\/#breadcrumb\"},\"inLanguage\":\"de\",\"potentialAction\":[{\"@type\":\"ReadAction\",\"target\":[\"https:\/\/svfvolleyball.de\/index.php\/2023\/01\/13\/mario-maser-hofft-auf-mentale-staerke\/\"]}]},{\"@type\":\"BreadcrumbList\",\"@id\":\"https:\/\/svfvolleyball.de\/index.php\/2023\/01\/13\/mario-maser-hofft-auf-mentale-staerke\/#breadcrumb\",\"itemListElement\":[{\"@type\":\"ListItem\",\"position\":1,\"name\":\"Startseite\",\"item\":\"https:\/\/svfvolleyball.de\/\"},{\"@type\":\"ListItem\",\"position\":2,\"name\":\"Mario Maser hofft auf mentale St\u00e4rke\"}]},{\"@type\":\"WebSite\",\"@id\":\"https:\/\/svfvolleyball.de\/#website\",\"url\":\"https:\/\/svfvolleyball.de\/\",\"name\":\"SVF Volleyball\",\"description\":\"Volleyball Regionalliga in Fellbach!\",\"publisher\":{\"@id\":\"https:\/\/svfvolleyball.de\/#organization\"},\"potentialAction\":[{\"@type\":\"SearchAction\",\"target\":{\"@type\":\"EntryPoint\",\"urlTemplate\":\"https:\/\/svfvolleyball.de\/?s={search_term_string}\"},\"query-input\":{\"@type\":\"PropertyValueSpecification\",\"valueRequired\":true,\"valueName\":\"search_term_string\"}}],\"inLanguage\":\"de\"},{\"@type\":\"Organization\",\"@id\":\"https:\/\/svfvolleyball.de\/#organization\",\"name\":\"SV Fellbach Volleyball\",\"url\":\"https:\/\/svfvolleyball.de\/\",\"logo\":{\"@type\":\"ImageObject\",\"inLanguage\":\"de\",\"@id\":\"https:\/\/svfvolleyball.de\/#\/schema\/logo\/image\/\",\"url\":\"https:\/\/svfvolleyball.de\/wp-content\/uploads\/2021\/07\/SVFV_RotesRudel.jpg\",\"contentUrl\":\"https:\/\/svfvolleyball.de\/wp-content\/uploads\/2021\/07\/SVFV_RotesRudel.jpg\",\"width\":1200,\"height\":1564,\"caption\":\"SV Fellbach Volleyball\"},\"image\":{\"@id\":\"https:\/\/svfvolleyball.de\/#\/schema\/logo\/image\/\"}},{\"@type\":\"Person\",\"@id\":\"https:\/\/svfvolleyball.de\/#\/schema\/person\/f29518a892b1579fe0c32e7f0e5f1394\",\"name\":\"Werner Hofmann\",\"image\":{\"@type\":\"ImageObject\",\"inLanguage\":\"de\",\"@id\":\"https:\/\/svfvolleyball.de\/#\/schema\/person\/image\/\",\"url\":\"https:\/\/secure.gravatar.com\/avatar\/fa7d6c333324c59e0b9fe983c02164b2?s=96&d=mm&r=g\",\"contentUrl\":\"https:\/\/secure.gravatar.com\/avatar\/fa7d6c333324c59e0b9fe983c02164b2?s=96&d=mm&r=g\",\"caption\":\"Werner Hofmann\"},\"url\":\"https:\/\/svfvolleyball.de\/index.php\/author\/svfhofmann\/\"}]}<\/script>\n<!-- \/ Yoast SEO plugin. -->","yoast_head_json":{"title":"Mario Maser hofft auf mentale St\u00e4rke - SVF Volleyball","robots":{"index":"index","follow":"follow","max-snippet":"max-snippet:-1","max-image-preview":"max-image-preview:large","max-video-preview":"max-video-preview:-1"},"canonical":"https:\/\/svfvolleyball.de\/index.php\/2023\/01\/13\/mario-maser-hofft-auf-mentale-staerke\/","twitter_misc":{"Verfasst von":"Werner Hofmann","Gesch\u00e4tzte Lesezeit":"1\u00a0Minute"},"schema":{"@context":"https:\/\/schema.org","@graph":[{"@type":"Article","@id":"https:\/\/svfvolleyball.de\/index.php\/2023\/01\/13\/mario-maser-hofft-auf-mentale-staerke\/#article","isPartOf":{"@id":"https:\/\/svfvolleyball.de\/index.php\/2023\/01\/13\/mario-maser-hofft-auf-mentale-staerke\/"},"author":{"name":"Werner Hofmann","@id":"https:\/\/svfvolleyball.de\/#\/schema\/person\/f29518a892b1579fe0c32e7f0e5f1394"},"headline":"Mario Maser hofft auf mentale St\u00e4rke","datePublished":"2023-01-13T10:23:11+00:00","mainEntityOfPage":{"@id":"https:\/\/svfvolleyball.de\/index.php\/2023\/01\/13\/mario-maser-hofft-auf-mentale-staerke\/"},"wordCount":187,"publisher":{"@id":"https:\/\/svfvolleyball.de\/#organization"},"inLanguage":"de"},{"@type":"WebPage","@id":"https:\/\/svfvolleyball.de\/index.php\/2023\/01\/13\/mario-maser-hofft-auf-mentale-staerke\/","url":"https:\/\/svfvolleyball.de\/index.php\/2023\/01\/13\/mario-maser-hofft-auf-mentale-staerke\/","name":"Mario Maser hofft auf mentale St\u00e4rke - SVF Volleyball","isPartOf":{"@id":"https:\/\/svfvolleyball.de\/#website"},"datePublished":"2023-01-13T10:23:11+00:00","breadcrumb":{"@id":"https:\/\/svfvolleyball.de\/index.php\/2023\/01\/13\/mario-maser-hofft-auf-mentale-staerke\/#breadcrumb"},"inLanguage":"de","potentialAction":[{"@type":"ReadAction","target":["https:\/\/svfvolleyball.de\/index.php\/2023\/01\/13\/mario-maser-hofft-auf-mentale-staerke\/"]}]},{"@type":"BreadcrumbList","@id":"https:\/\/svfvolleyball.de\/index.php\/2023\/01\/13\/mario-maser-hofft-auf-mentale-staerke\/#breadcrumb","itemListElement":[{"@type":"ListItem","position":1,"name":"Startseite","item":"https:\/\/svfvolleyball.de\/"},{"@type":"ListItem","position":2,"name":"Mario Maser hofft auf mentale St\u00e4rke"}]},{"@type":"WebSite","@id":"https:\/\/svfvolleyball.de\/#website","url":"https:\/\/svfvolleyball.de\/","name":"SVF Volleyball","description":"Volleyball Regionalliga in Fellbach!","publisher":{"@id":"https:\/\/svfvolleyball.de\/#organization"},"potentialAction":[{"@type":"SearchAction","target":{"@type":"EntryPoint","urlTemplate":"https:\/\/svfvolleyball.de\/?s={search_term_string}"},"query-input":{"@type":"PropertyValueSpecification","valueRequired":true,"valueName":"search_term_string"}}],"inLanguage":"de"},{"@type":"Organization","@id":"https:\/\/svfvolleyball.de\/#organization","name":"SV Fellbach Volleyball","url":"https:\/\/svfvolleyball.de\/","logo":{"@type":"ImageObject","inLanguage":"de","@id":"https:\/\/svfvolleyball.de\/#\/schema\/logo\/image\/","url":"https:\/\/svfvolleyball.de\/wp-content\/uploads\/2021\/07\/SVFV_RotesRudel.jpg","contentUrl":"https:\/\/svfvolleyball.de\/wp-content\/uploads\/2021\/07\/SVFV_RotesRudel.jpg","width":1200,"height":1564,"caption":"SV Fellbach Volleyball"},"image":{"@id":"https:\/\/svfvolleyball.de\/#\/schema\/logo\/image\/"}},{"@type":"Person","@id":"https:\/\/svfvolleyball.de\/#\/schema\/person\/f29518a892b1579fe0c32e7f0e5f1394","name":"Werner Hofmann","image":{"@type":"ImageObject","inLanguage":"de","@id":"https:\/\/svfvolleyball.de\/#\/schema\/person\/image\/","url":"https:\/\/secure.gravatar.com\/avatar\/fa7d6c333324c59e0b9fe983c02164b2?s=96&d=mm&r=g","contentUrl":"https:\/\/secure.gravatar.com\/avatar\/fa7d6c333324c59e0b9fe983c02164b2?s=96&d=mm&r=g","caption":"Werner Hofmann"},"url":"https:\/\/svfvolleyball.de\/index.php\/author\/svfhofmann\/"}]}},"_links":{"self":[{"href":"https:\/\/svfvolleyball.de\/index.php\/wp-json\/wp\/v2\/posts\/7138","targetHints":{"allow":["GET"]}}],"collection":[{"href":"https:\/\/svfvolleyball.de\/index.php\/wp-json\/wp\/v2\/posts"}],"about":[{"href":"https:\/\/svfvolleyball.de\/index.php\/wp-json\/wp\/v2\/types\/post"}],"author":[{"embeddable":true,"href":"https:\/\/svfvolleyball.de\/index.php\/wp-json\/wp\/v2\/users\/6"}],"replies":[{"embeddable":true,"href":"https:\/\/svfvolleyball.de\/index.php\/wp-json\/wp\/v2\/comments?post=7138"}],"version-history":[{"count":1,"href":"https:\/\/svfvolleyball.de\/index.php\/wp-json\/wp\/v2\/posts\/7138\/revisions"}],"predecessor-version":[{"id":7139,"href":"https:\/\/svfvolleyball.de\/index.php\/wp-json\/wp\/v2\/posts\/7138\/revisions\/7139"}],"wp:attachment":[{"href":"https:\/\/svfvolleyball.de\/index.php\/wp-json\/wp\/v2\/media?parent=7138"}],"wp:term":[{"taxonomy":"category","embeddable":true,"href":"https:\/\/svfvolleyball.de\/index.php\/wp-json\/wp\/v2\/categories?post=7138"},{"taxonomy":"post_tag","embeddable":true,"href":"https:\/\/svfvolleyball.de\/index.php\/wp-json\/wp\/v2\/tags?post=7138"}],"curies":[{"name":"wp","href":"https:\/\/api.w.org\/{rel}","templated":true}]}}