
{"id":7093,"date":"2022-11-19T10:08:37","date_gmt":"2022-11-19T09:08:37","guid":{"rendered":"https:\/\/svfvolleyball.de\/?p=7093"},"modified":"2022-11-19T10:08:38","modified_gmt":"2022-11-19T09:08:38","slug":"zwei-absteiger-treffen-im-kellerduell-aufeinander","status":"publish","type":"post","link":"https:\/\/svfvolleyball.de\/index.php\/2022\/11\/19\/zwei-absteiger-treffen-im-kellerduell-aufeinander\/","title":{"rendered":"Zwei Absteiger treffen im Kellerduell aufeinander"},"content":{"rendered":"\n<p>Der USC Konstanz ist sportlich abgestiegen, der SV Fellbach hat sich aus eigenen St\u00fccken zur\u00fcckgezogen. Am Samstag (20 Uhr, G\u00e4u\u00e4ckerhalle I) treffen die beiden Ex-Drittligisten nun im Kellerduell der Regionalliga aufeinander. \u201eBei uns war zuletzt ein Aufw\u00e4rtstrend erkennbar, den wollen wir jetzt auch in Punkte umsetzen\u201c, sagt Mario Maser, der Trainer des Tabellenletzten. Mit einem Sieg k\u00f6nnte der SVF mit den G\u00e4sten vom Bodensee gleichziehen. Bereits um 16.30 Uhr empfangen an gleicher St\u00e4tte die Fellbacher Regionalliga-Frauen das nach sechs Spieltagen noch punktlose Schlusslicht USC Freiburg.<\/p>\n\n\n\n<p><strong>Harald<\/strong> <strong>Landwehr   Fellbacher Zeitung<\/strong><\/p>\n","protected":false},"excerpt":{"rendered":"<p>Der USC Konstanz ist sportlich abgestiegen, der SV Fellbach hat sich aus eigenen St\u00fccken zur\u00fcckgezogen. Am Samstag (20 Uhr, G\u00e4u\u00e4ckerhalle I) treffen die beiden Ex-Drittligisten nun im Kellerduell der Regionalliga aufeinander. \u201eBei uns war zuletzt ein Aufw\u00e4rtstrend erkennbar, den wollen wir jetzt auch in Punkte umsetzen\u201c, sagt Mario Maser, der Trainer des Tabellenletzten. Mit einem [&hellip;]<\/p>\n","protected":false},"author":6,"featured_media":0,"comment_status":"closed","ping_status":"open","sticky":false,"template":"","format":"standard","meta":{"inline_featured_image":false,"footnotes":""},"categories":[1],"tags":[],"class_list":["post-7093","post","type-post","status-publish","format-standard","hentry","category-allgemein"],"yoast_head":"<!-- This site is optimized with the Yoast SEO plugin v26.1.1 - https:\/\/yoast.com\/wordpress\/plugins\/seo\/ -->\n<title>Zwei Absteiger treffen im Kellerduell aufeinander - SVF Volleyball<\/title>\n<meta name=\"robots\" content=\"index, follow, max-snippet:-1, max-image-preview:large, max-video-preview:-1\" \/>\n<link rel=\"canonical\" href=\"https:\/\/svfvolleyball.de\/index.php\/2022\/11\/19\/zwei-absteiger-treffen-im-kellerduell-aufeinander\/\" \/>\n<meta name=\"twitter:label1\" content=\"Verfasst von\" \/>\n\t<meta name=\"twitter:data1\" content=\"Werner Hofmann\" \/>\n\t<meta name=\"twitter:label2\" content=\"Gesch\u00e4tzte Lesezeit\" \/>\n\t<meta name=\"twitter:data2\" content=\"1\u00a0Minute\" \/>\n<script type=\"application\/ld+json\" class=\"yoast-schema-graph\">{\"@context\":\"https:\/\/schema.org\",\"@graph\":[{\"@type\":\"Article\",\"@id\":\"https:\/\/svfvolleyball.de\/index.php\/2022\/11\/19\/zwei-absteiger-treffen-im-kellerduell-aufeinander\/#article\",\"isPartOf\":{\"@id\":\"https:\/\/svfvolleyball.de\/index.php\/2022\/11\/19\/zwei-absteiger-treffen-im-kellerduell-aufeinander\/\"},\"author\":{\"name\":\"Werner Hofmann\",\"@id\":\"https:\/\/svfvolleyball.de\/#\/schema\/person\/f29518a892b1579fe0c32e7f0e5f1394\"},\"headline\":\"Zwei Absteiger treffen im Kellerduell aufeinander\",\"datePublished\":\"2022-11-19T09:08:37+00:00\",\"dateModified\":\"2022-11-19T09:08:38+00:00\",\"mainEntityOfPage\":{\"@id\":\"https:\/\/svfvolleyball.de\/index.php\/2022\/11\/19\/zwei-absteiger-treffen-im-kellerduell-aufeinander\/\"},\"wordCount\":101,\"publisher\":{\"@id\":\"https:\/\/svfvolleyball.de\/#organization\"},\"inLanguage\":\"de\"},{\"@type\":\"WebPage\",\"@id\":\"https:\/\/svfvolleyball.de\/index.php\/2022\/11\/19\/zwei-absteiger-treffen-im-kellerduell-aufeinander\/\",\"url\":\"https:\/\/svfvolleyball.de\/index.php\/2022\/11\/19\/zwei-absteiger-treffen-im-kellerduell-aufeinander\/\",\"name\":\"Zwei Absteiger treffen im Kellerduell aufeinander - SVF Volleyball\",\"isPartOf\":{\"@id\":\"https:\/\/svfvolleyball.de\/#website\"},\"datePublished\":\"2022-11-19T09:08:37+00:00\",\"dateModified\":\"2022-11-19T09:08:38+00:00\",\"breadcrumb\":{\"@id\":\"https:\/\/svfvolleyball.de\/index.php\/2022\/11\/19\/zwei-absteiger-treffen-im-kellerduell-aufeinander\/#breadcrumb\"},\"inLanguage\":\"de\",\"potentialAction\":[{\"@type\":\"ReadAction\",\"target\":[\"https:\/\/svfvolleyball.de\/index.php\/2022\/11\/19\/zwei-absteiger-treffen-im-kellerduell-aufeinander\/\"]}]},{\"@type\":\"BreadcrumbList\",\"@id\":\"https:\/\/svfvolleyball.de\/index.php\/2022\/11\/19\/zwei-absteiger-treffen-im-kellerduell-aufeinander\/#breadcrumb\",\"itemListElement\":[{\"@type\":\"ListItem\",\"position\":1,\"name\":\"Startseite\",\"item\":\"https:\/\/svfvolleyball.de\/\"},{\"@type\":\"ListItem\",\"position\":2,\"name\":\"Zwei Absteiger treffen im Kellerduell aufeinander\"}]},{\"@type\":\"WebSite\",\"@id\":\"https:\/\/svfvolleyball.de\/#website\",\"url\":\"https:\/\/svfvolleyball.de\/\",\"name\":\"SVF Volleyball\",\"description\":\"Volleyball Regionalliga in Fellbach!\",\"publisher\":{\"@id\":\"https:\/\/svfvolleyball.de\/#organization\"},\"potentialAction\":[{\"@type\":\"SearchAction\",\"target\":{\"@type\":\"EntryPoint\",\"urlTemplate\":\"https:\/\/svfvolleyball.de\/?s={search_term_string}\"},\"query-input\":{\"@type\":\"PropertyValueSpecification\",\"valueRequired\":true,\"valueName\":\"search_term_string\"}}],\"inLanguage\":\"de\"},{\"@type\":\"Organization\",\"@id\":\"https:\/\/svfvolleyball.de\/#organization\",\"name\":\"SV Fellbach Volleyball\",\"url\":\"https:\/\/svfvolleyball.de\/\",\"logo\":{\"@type\":\"ImageObject\",\"inLanguage\":\"de\",\"@id\":\"https:\/\/svfvolleyball.de\/#\/schema\/logo\/image\/\",\"url\":\"https:\/\/svfvolleyball.de\/wp-content\/uploads\/2021\/07\/SVFV_RotesRudel.jpg\",\"contentUrl\":\"https:\/\/svfvolleyball.de\/wp-content\/uploads\/2021\/07\/SVFV_RotesRudel.jpg\",\"width\":1200,\"height\":1564,\"caption\":\"SV Fellbach Volleyball\"},\"image\":{\"@id\":\"https:\/\/svfvolleyball.de\/#\/schema\/logo\/image\/\"}},{\"@type\":\"Person\",\"@id\":\"https:\/\/svfvolleyball.de\/#\/schema\/person\/f29518a892b1579fe0c32e7f0e5f1394\",\"name\":\"Werner Hofmann\",\"image\":{\"@type\":\"ImageObject\",\"inLanguage\":\"de\",\"@id\":\"https:\/\/svfvolleyball.de\/#\/schema\/person\/image\/\",\"url\":\"https:\/\/secure.gravatar.com\/avatar\/fa7d6c333324c59e0b9fe983c02164b2?s=96&d=mm&r=g\",\"contentUrl\":\"https:\/\/secure.gravatar.com\/avatar\/fa7d6c333324c59e0b9fe983c02164b2?s=96&d=mm&r=g\",\"caption\":\"Werner Hofmann\"},\"url\":\"https:\/\/svfvolleyball.de\/index.php\/author\/svfhofmann\/\"}]}<\/script>\n<!-- \/ Yoast SEO plugin. -->","yoast_head_json":{"title":"Zwei Absteiger treffen im Kellerduell aufeinander - SVF Volleyball","robots":{"index":"index","follow":"follow","max-snippet":"max-snippet:-1","max-image-preview":"max-image-preview:large","max-video-preview":"max-video-preview:-1"},"canonical":"https:\/\/svfvolleyball.de\/index.php\/2022\/11\/19\/zwei-absteiger-treffen-im-kellerduell-aufeinander\/","twitter_misc":{"Verfasst von":"Werner Hofmann","Gesch\u00e4tzte Lesezeit":"1\u00a0Minute"},"schema":{"@context":"https:\/\/schema.org","@graph":[{"@type":"Article","@id":"https:\/\/svfvolleyball.de\/index.php\/2022\/11\/19\/zwei-absteiger-treffen-im-kellerduell-aufeinander\/#article","isPartOf":{"@id":"https:\/\/svfvolleyball.de\/index.php\/2022\/11\/19\/zwei-absteiger-treffen-im-kellerduell-aufeinander\/"},"author":{"name":"Werner Hofmann","@id":"https:\/\/svfvolleyball.de\/#\/schema\/person\/f29518a892b1579fe0c32e7f0e5f1394"},"headline":"Zwei Absteiger treffen im Kellerduell aufeinander","datePublished":"2022-11-19T09:08:37+00:00","dateModified":"2022-11-19T09:08:38+00:00","mainEntityOfPage":{"@id":"https:\/\/svfvolleyball.de\/index.php\/2022\/11\/19\/zwei-absteiger-treffen-im-kellerduell-aufeinander\/"},"wordCount":101,"publisher":{"@id":"https:\/\/svfvolleyball.de\/#organization"},"inLanguage":"de"},{"@type":"WebPage","@id":"https:\/\/svfvolleyball.de\/index.php\/2022\/11\/19\/zwei-absteiger-treffen-im-kellerduell-aufeinander\/","url":"https:\/\/svfvolleyball.de\/index.php\/2022\/11\/19\/zwei-absteiger-treffen-im-kellerduell-aufeinander\/","name":"Zwei Absteiger treffen im Kellerduell aufeinander - SVF Volleyball","isPartOf":{"@id":"https:\/\/svfvolleyball.de\/#website"},"datePublished":"2022-11-19T09:08:37+00:00","dateModified":"2022-11-19T09:08:38+00:00","breadcrumb":{"@id":"https:\/\/svfvolleyball.de\/index.php\/2022\/11\/19\/zwei-absteiger-treffen-im-kellerduell-aufeinander\/#breadcrumb"},"inLanguage":"de","potentialAction":[{"@type":"ReadAction","target":["https:\/\/svfvolleyball.de\/index.php\/2022\/11\/19\/zwei-absteiger-treffen-im-kellerduell-aufeinander\/"]}]},{"@type":"BreadcrumbList","@id":"https:\/\/svfvolleyball.de\/index.php\/2022\/11\/19\/zwei-absteiger-treffen-im-kellerduell-aufeinander\/#breadcrumb","itemListElement":[{"@type":"ListItem","position":1,"name":"Startseite","item":"https:\/\/svfvolleyball.de\/"},{"@type":"ListItem","position":2,"name":"Zwei Absteiger treffen im Kellerduell aufeinander"}]},{"@type":"WebSite","@id":"https:\/\/svfvolleyball.de\/#website","url":"https:\/\/svfvolleyball.de\/","name":"SVF Volleyball","description":"Volleyball Regionalliga in Fellbach!","publisher":{"@id":"https:\/\/svfvolleyball.de\/#organization"},"potentialAction":[{"@type":"SearchAction","target":{"@type":"EntryPoint","urlTemplate":"https:\/\/svfvolleyball.de\/?s={search_term_string}"},"query-input":{"@type":"PropertyValueSpecification","valueRequired":true,"valueName":"search_term_string"}}],"inLanguage":"de"},{"@type":"Organization","@id":"https:\/\/svfvolleyball.de\/#organization","name":"SV Fellbach Volleyball","url":"https:\/\/svfvolleyball.de\/","logo":{"@type":"ImageObject","inLanguage":"de","@id":"https:\/\/svfvolleyball.de\/#\/schema\/logo\/image\/","url":"https:\/\/svfvolleyball.de\/wp-content\/uploads\/2021\/07\/SVFV_RotesRudel.jpg","contentUrl":"https:\/\/svfvolleyball.de\/wp-content\/uploads\/2021\/07\/SVFV_RotesRudel.jpg","width":1200,"height":1564,"caption":"SV Fellbach Volleyball"},"image":{"@id":"https:\/\/svfvolleyball.de\/#\/schema\/logo\/image\/"}},{"@type":"Person","@id":"https:\/\/svfvolleyball.de\/#\/schema\/person\/f29518a892b1579fe0c32e7f0e5f1394","name":"Werner Hofmann","image":{"@type":"ImageObject","inLanguage":"de","@id":"https:\/\/svfvolleyball.de\/#\/schema\/person\/image\/","url":"https:\/\/secure.gravatar.com\/avatar\/fa7d6c333324c59e0b9fe983c02164b2?s=96&d=mm&r=g","contentUrl":"https:\/\/secure.gravatar.com\/avatar\/fa7d6c333324c59e0b9fe983c02164b2?s=96&d=mm&r=g","caption":"Werner Hofmann"},"url":"https:\/\/svfvolleyball.de\/index.php\/author\/svfhofmann\/"}]}},"_links":{"self":[{"href":"https:\/\/svfvolleyball.de\/index.php\/wp-json\/wp\/v2\/posts\/7093","targetHints":{"allow":["GET"]}}],"collection":[{"href":"https:\/\/svfvolleyball.de\/index.php\/wp-json\/wp\/v2\/posts"}],"about":[{"href":"https:\/\/svfvolleyball.de\/index.php\/wp-json\/wp\/v2\/types\/post"}],"author":[{"embeddable":true,"href":"https:\/\/svfvolleyball.de\/index.php\/wp-json\/wp\/v2\/users\/6"}],"replies":[{"embeddable":true,"href":"https:\/\/svfvolleyball.de\/index.php\/wp-json\/wp\/v2\/comments?post=7093"}],"version-history":[{"count":1,"href":"https:\/\/svfvolleyball.de\/index.php\/wp-json\/wp\/v2\/posts\/7093\/revisions"}],"predecessor-version":[{"id":7094,"href":"https:\/\/svfvolleyball.de\/index.php\/wp-json\/wp\/v2\/posts\/7093\/revisions\/7094"}],"wp:attachment":[{"href":"https:\/\/svfvolleyball.de\/index.php\/wp-json\/wp\/v2\/media?parent=7093"}],"wp:term":[{"taxonomy":"category","embeddable":true,"href":"https:\/\/svfvolleyball.de\/index.php\/wp-json\/wp\/v2\/categories?post=7093"},{"taxonomy":"post_tag","embeddable":true,"href":"https:\/\/svfvolleyball.de\/index.php\/wp-json\/wp\/v2\/tags?post=7093"}],"curies":[{"name":"wp","href":"https:\/\/api.w.org\/{rel}","templated":true}]}}