
{"id":6903,"date":"2022-10-07T15:02:58","date_gmt":"2022-10-07T13:02:58","guid":{"rendered":"https:\/\/svfvolleyball.de\/?p=6903"},"modified":"2022-10-07T15:02:59","modified_gmt":"2022-10-07T13:02:59","slug":"svf-volleyballer-wollen-dritte-auswaertsniederlage-abwenden","status":"publish","type":"post","link":"https:\/\/svfvolleyball.de\/index.php\/2022\/10\/07\/svf-volleyballer-wollen-dritte-auswaertsniederlage-abwenden\/","title":{"rendered":"SVF-Volleyballer wollen dritte Ausw\u00e4rtsniederlage abwenden"},"content":{"rendered":"\n<p>Bei der TG Schwenningen versuchen am Samstagabend (20 Uhr, Hoptb\u00fchl-Halle) die Volleyballer des SV Fellbach im dritten Anlauf zu einem Saisonsieg in der Regionalliga zu gelangen. Zwar steht f\u00fcr die erste Vertretung des SV Fellbach erneut kein Heimspiel auf dem Programm. Doch auch in fremder Halle ist es f\u00fcr die Spieler um den Trainer Mario Maser nach zwei 0:3-Ausw\u00e4rtsniederlagen an der Zeit, Z\u00e4hlbares zu erreichen. Jede weitere Niederlage schm\u00e4lert in der Regionalliga bereits fr\u00fch die Chancen im Abstiegskampf.<\/p>\n\n\n\n<p><strong>Uwe Abel   Fellbacher Zeitung<\/strong><\/p>\n","protected":false},"excerpt":{"rendered":"<p>Bei der TG Schwenningen versuchen am Samstagabend (20 Uhr, Hoptb\u00fchl-Halle) die Volleyballer des SV Fellbach im dritten Anlauf zu einem Saisonsieg in der Regionalliga zu gelangen. Zwar steht f\u00fcr die erste Vertretung des SV Fellbach erneut kein Heimspiel auf dem Programm. Doch auch in fremder Halle ist es f\u00fcr die Spieler um den Trainer Mario [&hellip;]<\/p>\n","protected":false},"author":6,"featured_media":0,"comment_status":"closed","ping_status":"open","sticky":false,"template":"","format":"standard","meta":{"inline_featured_image":false,"footnotes":""},"categories":[1],"tags":[],"class_list":["post-6903","post","type-post","status-publish","format-standard","hentry","category-allgemein"],"yoast_head":"<!-- This site is optimized with the Yoast SEO plugin v26.1.1 - https:\/\/yoast.com\/wordpress\/plugins\/seo\/ -->\n<title>SVF-Volleyballer wollen dritte Ausw\u00e4rtsniederlage abwenden - SVF Volleyball<\/title>\n<meta name=\"robots\" content=\"index, follow, max-snippet:-1, max-image-preview:large, max-video-preview:-1\" \/>\n<link rel=\"canonical\" href=\"https:\/\/svfvolleyball.de\/index.php\/2022\/10\/07\/svf-volleyballer-wollen-dritte-auswaertsniederlage-abwenden\/\" \/>\n<meta name=\"twitter:label1\" content=\"Verfasst von\" \/>\n\t<meta name=\"twitter:data1\" content=\"Werner Hofmann\" \/>\n\t<meta name=\"twitter:label2\" content=\"Gesch\u00e4tzte Lesezeit\" \/>\n\t<meta name=\"twitter:data2\" content=\"1\u00a0Minute\" \/>\n<script type=\"application\/ld+json\" class=\"yoast-schema-graph\">{\"@context\":\"https:\/\/schema.org\",\"@graph\":[{\"@type\":\"Article\",\"@id\":\"https:\/\/svfvolleyball.de\/index.php\/2022\/10\/07\/svf-volleyballer-wollen-dritte-auswaertsniederlage-abwenden\/#article\",\"isPartOf\":{\"@id\":\"https:\/\/svfvolleyball.de\/index.php\/2022\/10\/07\/svf-volleyballer-wollen-dritte-auswaertsniederlage-abwenden\/\"},\"author\":{\"name\":\"Werner Hofmann\",\"@id\":\"https:\/\/svfvolleyball.de\/#\/schema\/person\/f29518a892b1579fe0c32e7f0e5f1394\"},\"headline\":\"SVF-Volleyballer wollen dritte Ausw\u00e4rtsniederlage abwenden\",\"datePublished\":\"2022-10-07T13:02:58+00:00\",\"dateModified\":\"2022-10-07T13:02:59+00:00\",\"mainEntityOfPage\":{\"@id\":\"https:\/\/svfvolleyball.de\/index.php\/2022\/10\/07\/svf-volleyballer-wollen-dritte-auswaertsniederlage-abwenden\/\"},\"wordCount\":94,\"publisher\":{\"@id\":\"https:\/\/svfvolleyball.de\/#organization\"},\"inLanguage\":\"de\"},{\"@type\":\"WebPage\",\"@id\":\"https:\/\/svfvolleyball.de\/index.php\/2022\/10\/07\/svf-volleyballer-wollen-dritte-auswaertsniederlage-abwenden\/\",\"url\":\"https:\/\/svfvolleyball.de\/index.php\/2022\/10\/07\/svf-volleyballer-wollen-dritte-auswaertsniederlage-abwenden\/\",\"name\":\"SVF-Volleyballer wollen dritte Ausw\u00e4rtsniederlage abwenden - SVF Volleyball\",\"isPartOf\":{\"@id\":\"https:\/\/svfvolleyball.de\/#website\"},\"datePublished\":\"2022-10-07T13:02:58+00:00\",\"dateModified\":\"2022-10-07T13:02:59+00:00\",\"breadcrumb\":{\"@id\":\"https:\/\/svfvolleyball.de\/index.php\/2022\/10\/07\/svf-volleyballer-wollen-dritte-auswaertsniederlage-abwenden\/#breadcrumb\"},\"inLanguage\":\"de\",\"potentialAction\":[{\"@type\":\"ReadAction\",\"target\":[\"https:\/\/svfvolleyball.de\/index.php\/2022\/10\/07\/svf-volleyballer-wollen-dritte-auswaertsniederlage-abwenden\/\"]}]},{\"@type\":\"BreadcrumbList\",\"@id\":\"https:\/\/svfvolleyball.de\/index.php\/2022\/10\/07\/svf-volleyballer-wollen-dritte-auswaertsniederlage-abwenden\/#breadcrumb\",\"itemListElement\":[{\"@type\":\"ListItem\",\"position\":1,\"name\":\"Startseite\",\"item\":\"https:\/\/svfvolleyball.de\/\"},{\"@type\":\"ListItem\",\"position\":2,\"name\":\"SVF-Volleyballer wollen dritte Ausw\u00e4rtsniederlage abwenden\"}]},{\"@type\":\"WebSite\",\"@id\":\"https:\/\/svfvolleyball.de\/#website\",\"url\":\"https:\/\/svfvolleyball.de\/\",\"name\":\"SVF Volleyball\",\"description\":\"Volleyball Regionalliga in Fellbach!\",\"publisher\":{\"@id\":\"https:\/\/svfvolleyball.de\/#organization\"},\"potentialAction\":[{\"@type\":\"SearchAction\",\"target\":{\"@type\":\"EntryPoint\",\"urlTemplate\":\"https:\/\/svfvolleyball.de\/?s={search_term_string}\"},\"query-input\":{\"@type\":\"PropertyValueSpecification\",\"valueRequired\":true,\"valueName\":\"search_term_string\"}}],\"inLanguage\":\"de\"},{\"@type\":\"Organization\",\"@id\":\"https:\/\/svfvolleyball.de\/#organization\",\"name\":\"SV Fellbach Volleyball\",\"url\":\"https:\/\/svfvolleyball.de\/\",\"logo\":{\"@type\":\"ImageObject\",\"inLanguage\":\"de\",\"@id\":\"https:\/\/svfvolleyball.de\/#\/schema\/logo\/image\/\",\"url\":\"https:\/\/svfvolleyball.de\/wp-content\/uploads\/2021\/07\/SVFV_RotesRudel.jpg\",\"contentUrl\":\"https:\/\/svfvolleyball.de\/wp-content\/uploads\/2021\/07\/SVFV_RotesRudel.jpg\",\"width\":1200,\"height\":1564,\"caption\":\"SV Fellbach Volleyball\"},\"image\":{\"@id\":\"https:\/\/svfvolleyball.de\/#\/schema\/logo\/image\/\"}},{\"@type\":\"Person\",\"@id\":\"https:\/\/svfvolleyball.de\/#\/schema\/person\/f29518a892b1579fe0c32e7f0e5f1394\",\"name\":\"Werner Hofmann\",\"image\":{\"@type\":\"ImageObject\",\"inLanguage\":\"de\",\"@id\":\"https:\/\/svfvolleyball.de\/#\/schema\/person\/image\/\",\"url\":\"https:\/\/secure.gravatar.com\/avatar\/fa7d6c333324c59e0b9fe983c02164b2?s=96&d=mm&r=g\",\"contentUrl\":\"https:\/\/secure.gravatar.com\/avatar\/fa7d6c333324c59e0b9fe983c02164b2?s=96&d=mm&r=g\",\"caption\":\"Werner Hofmann\"},\"url\":\"https:\/\/svfvolleyball.de\/index.php\/author\/svfhofmann\/\"}]}<\/script>\n<!-- \/ Yoast SEO plugin. -->","yoast_head_json":{"title":"SVF-Volleyballer wollen dritte Ausw\u00e4rtsniederlage abwenden - SVF Volleyball","robots":{"index":"index","follow":"follow","max-snippet":"max-snippet:-1","max-image-preview":"max-image-preview:large","max-video-preview":"max-video-preview:-1"},"canonical":"https:\/\/svfvolleyball.de\/index.php\/2022\/10\/07\/svf-volleyballer-wollen-dritte-auswaertsniederlage-abwenden\/","twitter_misc":{"Verfasst von":"Werner Hofmann","Gesch\u00e4tzte Lesezeit":"1\u00a0Minute"},"schema":{"@context":"https:\/\/schema.org","@graph":[{"@type":"Article","@id":"https:\/\/svfvolleyball.de\/index.php\/2022\/10\/07\/svf-volleyballer-wollen-dritte-auswaertsniederlage-abwenden\/#article","isPartOf":{"@id":"https:\/\/svfvolleyball.de\/index.php\/2022\/10\/07\/svf-volleyballer-wollen-dritte-auswaertsniederlage-abwenden\/"},"author":{"name":"Werner Hofmann","@id":"https:\/\/svfvolleyball.de\/#\/schema\/person\/f29518a892b1579fe0c32e7f0e5f1394"},"headline":"SVF-Volleyballer wollen dritte Ausw\u00e4rtsniederlage abwenden","datePublished":"2022-10-07T13:02:58+00:00","dateModified":"2022-10-07T13:02:59+00:00","mainEntityOfPage":{"@id":"https:\/\/svfvolleyball.de\/index.php\/2022\/10\/07\/svf-volleyballer-wollen-dritte-auswaertsniederlage-abwenden\/"},"wordCount":94,"publisher":{"@id":"https:\/\/svfvolleyball.de\/#organization"},"inLanguage":"de"},{"@type":"WebPage","@id":"https:\/\/svfvolleyball.de\/index.php\/2022\/10\/07\/svf-volleyballer-wollen-dritte-auswaertsniederlage-abwenden\/","url":"https:\/\/svfvolleyball.de\/index.php\/2022\/10\/07\/svf-volleyballer-wollen-dritte-auswaertsniederlage-abwenden\/","name":"SVF-Volleyballer wollen dritte Ausw\u00e4rtsniederlage abwenden - SVF Volleyball","isPartOf":{"@id":"https:\/\/svfvolleyball.de\/#website"},"datePublished":"2022-10-07T13:02:58+00:00","dateModified":"2022-10-07T13:02:59+00:00","breadcrumb":{"@id":"https:\/\/svfvolleyball.de\/index.php\/2022\/10\/07\/svf-volleyballer-wollen-dritte-auswaertsniederlage-abwenden\/#breadcrumb"},"inLanguage":"de","potentialAction":[{"@type":"ReadAction","target":["https:\/\/svfvolleyball.de\/index.php\/2022\/10\/07\/svf-volleyballer-wollen-dritte-auswaertsniederlage-abwenden\/"]}]},{"@type":"BreadcrumbList","@id":"https:\/\/svfvolleyball.de\/index.php\/2022\/10\/07\/svf-volleyballer-wollen-dritte-auswaertsniederlage-abwenden\/#breadcrumb","itemListElement":[{"@type":"ListItem","position":1,"name":"Startseite","item":"https:\/\/svfvolleyball.de\/"},{"@type":"ListItem","position":2,"name":"SVF-Volleyballer wollen dritte Ausw\u00e4rtsniederlage abwenden"}]},{"@type":"WebSite","@id":"https:\/\/svfvolleyball.de\/#website","url":"https:\/\/svfvolleyball.de\/","name":"SVF Volleyball","description":"Volleyball Regionalliga in Fellbach!","publisher":{"@id":"https:\/\/svfvolleyball.de\/#organization"},"potentialAction":[{"@type":"SearchAction","target":{"@type":"EntryPoint","urlTemplate":"https:\/\/svfvolleyball.de\/?s={search_term_string}"},"query-input":{"@type":"PropertyValueSpecification","valueRequired":true,"valueName":"search_term_string"}}],"inLanguage":"de"},{"@type":"Organization","@id":"https:\/\/svfvolleyball.de\/#organization","name":"SV Fellbach Volleyball","url":"https:\/\/svfvolleyball.de\/","logo":{"@type":"ImageObject","inLanguage":"de","@id":"https:\/\/svfvolleyball.de\/#\/schema\/logo\/image\/","url":"https:\/\/svfvolleyball.de\/wp-content\/uploads\/2021\/07\/SVFV_RotesRudel.jpg","contentUrl":"https:\/\/svfvolleyball.de\/wp-content\/uploads\/2021\/07\/SVFV_RotesRudel.jpg","width":1200,"height":1564,"caption":"SV Fellbach Volleyball"},"image":{"@id":"https:\/\/svfvolleyball.de\/#\/schema\/logo\/image\/"}},{"@type":"Person","@id":"https:\/\/svfvolleyball.de\/#\/schema\/person\/f29518a892b1579fe0c32e7f0e5f1394","name":"Werner Hofmann","image":{"@type":"ImageObject","inLanguage":"de","@id":"https:\/\/svfvolleyball.de\/#\/schema\/person\/image\/","url":"https:\/\/secure.gravatar.com\/avatar\/fa7d6c333324c59e0b9fe983c02164b2?s=96&d=mm&r=g","contentUrl":"https:\/\/secure.gravatar.com\/avatar\/fa7d6c333324c59e0b9fe983c02164b2?s=96&d=mm&r=g","caption":"Werner Hofmann"},"url":"https:\/\/svfvolleyball.de\/index.php\/author\/svfhofmann\/"}]}},"_links":{"self":[{"href":"https:\/\/svfvolleyball.de\/index.php\/wp-json\/wp\/v2\/posts\/6903","targetHints":{"allow":["GET"]}}],"collection":[{"href":"https:\/\/svfvolleyball.de\/index.php\/wp-json\/wp\/v2\/posts"}],"about":[{"href":"https:\/\/svfvolleyball.de\/index.php\/wp-json\/wp\/v2\/types\/post"}],"author":[{"embeddable":true,"href":"https:\/\/svfvolleyball.de\/index.php\/wp-json\/wp\/v2\/users\/6"}],"replies":[{"embeddable":true,"href":"https:\/\/svfvolleyball.de\/index.php\/wp-json\/wp\/v2\/comments?post=6903"}],"version-history":[{"count":1,"href":"https:\/\/svfvolleyball.de\/index.php\/wp-json\/wp\/v2\/posts\/6903\/revisions"}],"predecessor-version":[{"id":6904,"href":"https:\/\/svfvolleyball.de\/index.php\/wp-json\/wp\/v2\/posts\/6903\/revisions\/6904"}],"wp:attachment":[{"href":"https:\/\/svfvolleyball.de\/index.php\/wp-json\/wp\/v2\/media?parent=6903"}],"wp:term":[{"taxonomy":"category","embeddable":true,"href":"https:\/\/svfvolleyball.de\/index.php\/wp-json\/wp\/v2\/categories?post=6903"},{"taxonomy":"post_tag","embeddable":true,"href":"https:\/\/svfvolleyball.de\/index.php\/wp-json\/wp\/v2\/tags?post=6903"}],"curies":[{"name":"wp","href":"https:\/\/api.w.org\/{rel}","templated":true}]}}