
{"id":6609,"date":"2022-05-02T17:07:47","date_gmt":"2022-05-02T15:07:47","guid":{"rendered":"https:\/\/svfvolleyball.de\/?p=6609"},"modified":"2022-05-02T17:07:47","modified_gmt":"2022-05-02T15:07:47","slug":"svf-unterliegt-im-pokalfinale","status":"publish","type":"post","link":"https:\/\/svfvolleyball.de\/index.php\/2022\/05\/02\/svf-unterliegt-im-pokalfinale\/","title":{"rendered":"SVF unterliegt im Pokalfinale"},"content":{"rendered":"\n<p><\/p>\n\n\n\n<p><strong>Die Fellbacher Volleyballer verlieren das Spiel gegen den TV Rottenburg \u2013 und ihren Trainer Jonas Hanenberg.<\/strong><\/p>\n\n\n\n<p><\/p>\n\n\n\n<p>Der w\u00fcrttembergische Volleyball-Pokalsieger bei den M\u00e4nnern hei\u00dft zum ersten Mal seit 2017 nicht SV Fellbach. Nachdem das \u201eRote Rudel\u201c das Endspiel 2017, 2018 und 2019 jeweils f\u00fcr sich entschieden hatte \u2013 die vergangenen beiden Wettbewerbe fanden wegen der Corona-Pandemie nicht statt \u2013, hat der SVF nun am vergangenen Samstag im Endspiel 2022 seinen Meister gefunden. Und der hei\u00dft TV Rottenburg. Der bisherige Drittliga-Rivale, der von kommenden Herbst an in der zweiten Bundesliga angreift, bezwang die Fellbacher in der Ludwigsburger Alleenhalle mit 3:1 S\u00e4tzen (23:25, 25:20, 25:15, 25:15).<\/p>\n\n\n\n<p>Bereits in der Hauptrunde der Meisterschaft hatte der ehemalige Erstligist aus der Domstadt am Neckar beide Duelle mit den Fellbachern mit 3:0 und 3:1 gewonnen. Diesmal durften die Spieler um den Trainer Jonas Hanenberg, die in der Abstiegsrunde mit sieben Siegen aus acht Spielen den Klassenverbleib geschafft haben, zumindest nach dem gewonnenen Auftaktsatz von einer \u00dcberraschung tr\u00e4umen. Doch danach legte der Favorit zu und dominierte die drei folgenden Durchg\u00e4nge. \u201eMeine Mannschaft hat nach dem guten ersten Satz angefangen, besondere Dinge zu machen. Doch die haben leider zu oft nicht geklappt\u201c, sagt der SVF-Trainer Jonas Hanenberg, der ansehen musste, wie der Drittliga-Meister stetig den Druck im Angriff erh\u00f6hte.<\/p>\n\n\n\n<p>F\u00fcr Jonas Hanenberg war die Pokalpartie am Samstag zugleich das letzte Spiel als Fellbacher Trainer. Er verl\u00e4sst den Verein und heuert als Coach bei einem anderen Drittligisten an. \u201eEs wird noch ein paar Tage dauern, ehe ich \u00f6ffentlich sagen kann, um welchen Klub es sich handelt\u201c, sagt er. Ger\u00fcchten zufolge k\u00f6nnte es der MTV Ludwigsburg sein. Dorthin wird auf jeden Fall der Fellbacher Akteur Moritz Langjahr zur\u00fcckkehren. Gut m\u00f6glich allerdings, dass der MTV k\u00fcnftig sogar in der zweiten Liga spielt. Der Vizemeister aus der Barockstadt bestreitet in diesem Monat noch zwei Aufstiegsspiele gegen den VC Eltmann.<\/p>\n\n\n\n<p><\/p>\n\n\n\n<p><strong>Harald Landwehr   Fellbacher Zeitun<\/strong>g<\/p>\n","protected":false},"excerpt":{"rendered":"<p>Die Fellbacher Volleyballer verlieren das Spiel gegen den TV Rottenburg \u2013 und ihren Trainer Jonas Hanenberg. Der w\u00fcrttembergische Volleyball-Pokalsieger bei den M\u00e4nnern hei\u00dft zum ersten Mal seit 2017 nicht SV Fellbach. Nachdem das \u201eRote Rudel\u201c das Endspiel 2017, 2018 und 2019 jeweils f\u00fcr sich entschieden hatte \u2013 die vergangenen beiden Wettbewerbe fanden wegen der Corona-Pandemie [&hellip;]<\/p>\n","protected":false},"author":6,"featured_media":0,"comment_status":"closed","ping_status":"open","sticky":false,"template":"","format":"standard","meta":{"inline_featured_image":false,"footnotes":""},"categories":[1],"tags":[],"class_list":["post-6609","post","type-post","status-publish","format-standard","hentry","category-allgemein"],"yoast_head":"<!-- This site is optimized with the Yoast SEO plugin v26.1.1 - https:\/\/yoast.com\/wordpress\/plugins\/seo\/ -->\n<title>SVF unterliegt im Pokalfinale - SVF Volleyball<\/title>\n<meta name=\"robots\" content=\"index, follow, max-snippet:-1, max-image-preview:large, max-video-preview:-1\" \/>\n<link rel=\"canonical\" href=\"https:\/\/svfvolleyball.de\/index.php\/2022\/05\/02\/svf-unterliegt-im-pokalfinale\/\" \/>\n<meta name=\"twitter:label1\" content=\"Verfasst von\" \/>\n\t<meta name=\"twitter:data1\" content=\"Werner Hofmann\" \/>\n\t<meta name=\"twitter:label2\" content=\"Gesch\u00e4tzte Lesezeit\" \/>\n\t<meta name=\"twitter:data2\" content=\"2\u00a0Minuten\" \/>\n<script type=\"application\/ld+json\" class=\"yoast-schema-graph\">{\"@context\":\"https:\/\/schema.org\",\"@graph\":[{\"@type\":\"Article\",\"@id\":\"https:\/\/svfvolleyball.de\/index.php\/2022\/05\/02\/svf-unterliegt-im-pokalfinale\/#article\",\"isPartOf\":{\"@id\":\"https:\/\/svfvolleyball.de\/index.php\/2022\/05\/02\/svf-unterliegt-im-pokalfinale\/\"},\"author\":{\"name\":\"Werner Hofmann\",\"@id\":\"https:\/\/svfvolleyball.de\/#\/schema\/person\/f29518a892b1579fe0c32e7f0e5f1394\"},\"headline\":\"SVF unterliegt im Pokalfinale\",\"datePublished\":\"2022-05-02T15:07:47+00:00\",\"mainEntityOfPage\":{\"@id\":\"https:\/\/svfvolleyball.de\/index.php\/2022\/05\/02\/svf-unterliegt-im-pokalfinale\/\"},\"wordCount\":315,\"publisher\":{\"@id\":\"https:\/\/svfvolleyball.de\/#organization\"},\"inLanguage\":\"de\"},{\"@type\":\"WebPage\",\"@id\":\"https:\/\/svfvolleyball.de\/index.php\/2022\/05\/02\/svf-unterliegt-im-pokalfinale\/\",\"url\":\"https:\/\/svfvolleyball.de\/index.php\/2022\/05\/02\/svf-unterliegt-im-pokalfinale\/\",\"name\":\"SVF unterliegt im Pokalfinale - SVF Volleyball\",\"isPartOf\":{\"@id\":\"https:\/\/svfvolleyball.de\/#website\"},\"datePublished\":\"2022-05-02T15:07:47+00:00\",\"breadcrumb\":{\"@id\":\"https:\/\/svfvolleyball.de\/index.php\/2022\/05\/02\/svf-unterliegt-im-pokalfinale\/#breadcrumb\"},\"inLanguage\":\"de\",\"potentialAction\":[{\"@type\":\"ReadAction\",\"target\":[\"https:\/\/svfvolleyball.de\/index.php\/2022\/05\/02\/svf-unterliegt-im-pokalfinale\/\"]}]},{\"@type\":\"BreadcrumbList\",\"@id\":\"https:\/\/svfvolleyball.de\/index.php\/2022\/05\/02\/svf-unterliegt-im-pokalfinale\/#breadcrumb\",\"itemListElement\":[{\"@type\":\"ListItem\",\"position\":1,\"name\":\"Startseite\",\"item\":\"https:\/\/svfvolleyball.de\/\"},{\"@type\":\"ListItem\",\"position\":2,\"name\":\"SVF unterliegt im Pokalfinale\"}]},{\"@type\":\"WebSite\",\"@id\":\"https:\/\/svfvolleyball.de\/#website\",\"url\":\"https:\/\/svfvolleyball.de\/\",\"name\":\"SVF Volleyball\",\"description\":\"Volleyball Regionalliga in Fellbach!\",\"publisher\":{\"@id\":\"https:\/\/svfvolleyball.de\/#organization\"},\"potentialAction\":[{\"@type\":\"SearchAction\",\"target\":{\"@type\":\"EntryPoint\",\"urlTemplate\":\"https:\/\/svfvolleyball.de\/?s={search_term_string}\"},\"query-input\":{\"@type\":\"PropertyValueSpecification\",\"valueRequired\":true,\"valueName\":\"search_term_string\"}}],\"inLanguage\":\"de\"},{\"@type\":\"Organization\",\"@id\":\"https:\/\/svfvolleyball.de\/#organization\",\"name\":\"SV Fellbach Volleyball\",\"url\":\"https:\/\/svfvolleyball.de\/\",\"logo\":{\"@type\":\"ImageObject\",\"inLanguage\":\"de\",\"@id\":\"https:\/\/svfvolleyball.de\/#\/schema\/logo\/image\/\",\"url\":\"https:\/\/svfvolleyball.de\/wp-content\/uploads\/2021\/07\/SVFV_RotesRudel.jpg\",\"contentUrl\":\"https:\/\/svfvolleyball.de\/wp-content\/uploads\/2021\/07\/SVFV_RotesRudel.jpg\",\"width\":1200,\"height\":1564,\"caption\":\"SV Fellbach Volleyball\"},\"image\":{\"@id\":\"https:\/\/svfvolleyball.de\/#\/schema\/logo\/image\/\"}},{\"@type\":\"Person\",\"@id\":\"https:\/\/svfvolleyball.de\/#\/schema\/person\/f29518a892b1579fe0c32e7f0e5f1394\",\"name\":\"Werner Hofmann\",\"image\":{\"@type\":\"ImageObject\",\"inLanguage\":\"de\",\"@id\":\"https:\/\/svfvolleyball.de\/#\/schema\/person\/image\/\",\"url\":\"https:\/\/secure.gravatar.com\/avatar\/fa7d6c333324c59e0b9fe983c02164b2?s=96&d=mm&r=g\",\"contentUrl\":\"https:\/\/secure.gravatar.com\/avatar\/fa7d6c333324c59e0b9fe983c02164b2?s=96&d=mm&r=g\",\"caption\":\"Werner Hofmann\"},\"url\":\"https:\/\/svfvolleyball.de\/index.php\/author\/svfhofmann\/\"}]}<\/script>\n<!-- \/ Yoast SEO plugin. -->","yoast_head_json":{"title":"SVF unterliegt im Pokalfinale - SVF Volleyball","robots":{"index":"index","follow":"follow","max-snippet":"max-snippet:-1","max-image-preview":"max-image-preview:large","max-video-preview":"max-video-preview:-1"},"canonical":"https:\/\/svfvolleyball.de\/index.php\/2022\/05\/02\/svf-unterliegt-im-pokalfinale\/","twitter_misc":{"Verfasst von":"Werner Hofmann","Gesch\u00e4tzte Lesezeit":"2\u00a0Minuten"},"schema":{"@context":"https:\/\/schema.org","@graph":[{"@type":"Article","@id":"https:\/\/svfvolleyball.de\/index.php\/2022\/05\/02\/svf-unterliegt-im-pokalfinale\/#article","isPartOf":{"@id":"https:\/\/svfvolleyball.de\/index.php\/2022\/05\/02\/svf-unterliegt-im-pokalfinale\/"},"author":{"name":"Werner Hofmann","@id":"https:\/\/svfvolleyball.de\/#\/schema\/person\/f29518a892b1579fe0c32e7f0e5f1394"},"headline":"SVF unterliegt im Pokalfinale","datePublished":"2022-05-02T15:07:47+00:00","mainEntityOfPage":{"@id":"https:\/\/svfvolleyball.de\/index.php\/2022\/05\/02\/svf-unterliegt-im-pokalfinale\/"},"wordCount":315,"publisher":{"@id":"https:\/\/svfvolleyball.de\/#organization"},"inLanguage":"de"},{"@type":"WebPage","@id":"https:\/\/svfvolleyball.de\/index.php\/2022\/05\/02\/svf-unterliegt-im-pokalfinale\/","url":"https:\/\/svfvolleyball.de\/index.php\/2022\/05\/02\/svf-unterliegt-im-pokalfinale\/","name":"SVF unterliegt im Pokalfinale - SVF Volleyball","isPartOf":{"@id":"https:\/\/svfvolleyball.de\/#website"},"datePublished":"2022-05-02T15:07:47+00:00","breadcrumb":{"@id":"https:\/\/svfvolleyball.de\/index.php\/2022\/05\/02\/svf-unterliegt-im-pokalfinale\/#breadcrumb"},"inLanguage":"de","potentialAction":[{"@type":"ReadAction","target":["https:\/\/svfvolleyball.de\/index.php\/2022\/05\/02\/svf-unterliegt-im-pokalfinale\/"]}]},{"@type":"BreadcrumbList","@id":"https:\/\/svfvolleyball.de\/index.php\/2022\/05\/02\/svf-unterliegt-im-pokalfinale\/#breadcrumb","itemListElement":[{"@type":"ListItem","position":1,"name":"Startseite","item":"https:\/\/svfvolleyball.de\/"},{"@type":"ListItem","position":2,"name":"SVF unterliegt im Pokalfinale"}]},{"@type":"WebSite","@id":"https:\/\/svfvolleyball.de\/#website","url":"https:\/\/svfvolleyball.de\/","name":"SVF Volleyball","description":"Volleyball Regionalliga in Fellbach!","publisher":{"@id":"https:\/\/svfvolleyball.de\/#organization"},"potentialAction":[{"@type":"SearchAction","target":{"@type":"EntryPoint","urlTemplate":"https:\/\/svfvolleyball.de\/?s={search_term_string}"},"query-input":{"@type":"PropertyValueSpecification","valueRequired":true,"valueName":"search_term_string"}}],"inLanguage":"de"},{"@type":"Organization","@id":"https:\/\/svfvolleyball.de\/#organization","name":"SV Fellbach Volleyball","url":"https:\/\/svfvolleyball.de\/","logo":{"@type":"ImageObject","inLanguage":"de","@id":"https:\/\/svfvolleyball.de\/#\/schema\/logo\/image\/","url":"https:\/\/svfvolleyball.de\/wp-content\/uploads\/2021\/07\/SVFV_RotesRudel.jpg","contentUrl":"https:\/\/svfvolleyball.de\/wp-content\/uploads\/2021\/07\/SVFV_RotesRudel.jpg","width":1200,"height":1564,"caption":"SV Fellbach Volleyball"},"image":{"@id":"https:\/\/svfvolleyball.de\/#\/schema\/logo\/image\/"}},{"@type":"Person","@id":"https:\/\/svfvolleyball.de\/#\/schema\/person\/f29518a892b1579fe0c32e7f0e5f1394","name":"Werner Hofmann","image":{"@type":"ImageObject","inLanguage":"de","@id":"https:\/\/svfvolleyball.de\/#\/schema\/person\/image\/","url":"https:\/\/secure.gravatar.com\/avatar\/fa7d6c333324c59e0b9fe983c02164b2?s=96&d=mm&r=g","contentUrl":"https:\/\/secure.gravatar.com\/avatar\/fa7d6c333324c59e0b9fe983c02164b2?s=96&d=mm&r=g","caption":"Werner Hofmann"},"url":"https:\/\/svfvolleyball.de\/index.php\/author\/svfhofmann\/"}]}},"_links":{"self":[{"href":"https:\/\/svfvolleyball.de\/index.php\/wp-json\/wp\/v2\/posts\/6609","targetHints":{"allow":["GET"]}}],"collection":[{"href":"https:\/\/svfvolleyball.de\/index.php\/wp-json\/wp\/v2\/posts"}],"about":[{"href":"https:\/\/svfvolleyball.de\/index.php\/wp-json\/wp\/v2\/types\/post"}],"author":[{"embeddable":true,"href":"https:\/\/svfvolleyball.de\/index.php\/wp-json\/wp\/v2\/users\/6"}],"replies":[{"embeddable":true,"href":"https:\/\/svfvolleyball.de\/index.php\/wp-json\/wp\/v2\/comments?post=6609"}],"version-history":[{"count":1,"href":"https:\/\/svfvolleyball.de\/index.php\/wp-json\/wp\/v2\/posts\/6609\/revisions"}],"predecessor-version":[{"id":6610,"href":"https:\/\/svfvolleyball.de\/index.php\/wp-json\/wp\/v2\/posts\/6609\/revisions\/6610"}],"wp:attachment":[{"href":"https:\/\/svfvolleyball.de\/index.php\/wp-json\/wp\/v2\/media?parent=6609"}],"wp:term":[{"taxonomy":"category","embeddable":true,"href":"https:\/\/svfvolleyball.de\/index.php\/wp-json\/wp\/v2\/categories?post=6609"},{"taxonomy":"post_tag","embeddable":true,"href":"https:\/\/svfvolleyball.de\/index.php\/wp-json\/wp\/v2\/tags?post=6609"}],"curies":[{"name":"wp","href":"https:\/\/api.w.org\/{rel}","templated":true}]}}