
{"id":6497,"date":"2022-03-04T09:39:37","date_gmt":"2022-03-04T08:39:37","guid":{"rendered":"https:\/\/svfvolleyball.de\/?p=6497"},"modified":"2022-03-05T22:11:30","modified_gmt":"2022-03-05T21:11:30","slug":"noch-immer-mit-abstiegssorgen","status":"publish","type":"post","link":"https:\/\/svfvolleyball.de\/index.php\/2022\/03\/04\/noch-immer-mit-abstiegssorgen\/","title":{"rendered":"Noch immer mit Abstiegssorgen &#8211; Spiel wurde abgesagt!"},"content":{"rendered":"\n<p><strong>Spiel wurde abgesagt!!!!!!!!!!!!!!!!!!!!!!!!!!!!!!!!!!!!!!!!!!!!!!!!!!!!!!!!!!!!!!!!!!!!!!!!!!!!!!!!!!!!!!!!!!!!!!!!!!!!!<\/strong><\/p>\n\n\n\n<p><strong>Die Fellbacher Drittliga-Volleyballer brauchen weitere Punkte \u2013 die ersten drei davon im Heimspiel am Sonntag.<\/strong><\/p>\n\n\n\n<p><\/p>\n\n\n\n<p>Die Drittliga-Volleyballer des SV Fellbach empfangen am Sonntag (15 Uhr, G\u00e4u\u00e4ckerhalle I) den TV Feldkirchen zu ihrem drittletzten Spiel in der Abstiegsrunde. F\u00fcr die Hausherren kann nur ein klarer Sieg die Zielvorgabe sein. Treffen sie doch auf einen Gegner, dem im bisherigen Saisonverlauf weder in der Vorrunde noch in der Abstiegsrunde ein Sieg gelungen ist. Als Absteiger in die Regionalliga stehen die G\u00e4ste aus dem Neuwieder Ortsteil so bereits fest. Die Volleyballer des SVF wollen dasselbe sportliche Schicksal vermeiden. Daf\u00fcr m\u00fcssen sie noch ordentlich Punkte sammeln.<\/p>\n\n\n\n<p>Ob der Fellbacher Trainer Jonas Hanenberg auf dem Weg zum Klassenverbleib am Sonntag auf Lars L\u00fcckemeier, einen wichtigen Eckpfeiler im Spiel seiner Mannschaft, bauen kann, wird sich erst kurzfristig entscheiden. \u201eLars hat erneut Knieschmerzen\u201c, sagt Jonas Hanenberg: \u201eWir m\u00fcssen bis Sonntag abwarten und schauen, wie sich alles entwickelt.\u201c Ob mit oder ohne Lars L\u00fcckemeier, Jonas Hanenberg erwartet am Sonntag Konzentration und Konsequenz von seinem Team. \u201eWir d\u00fcrfen den TV Feldkirchen unter keinen Umst\u00e4nden untersch\u00e4tzen. Die G\u00e4ste k\u00f6nnen ohne Druck mit viel Spa\u00df spielen und uns m\u00e4chtig \u00e4rgern\u201c, sagt der Trainer: \u201eWenn wir nicht selbst von Beginn an das Spiel diktieren, kann es sehr unangenehm und m\u00fchsam f\u00fcr uns werden.\u201c<\/p>\n\n\n\n<p><strong>Uwe Abel   Fellbacher Zeitung<\/strong><\/p>\n","protected":false},"excerpt":{"rendered":"<p>Spiel wurde abgesagt!!!!!!!!!!!!!!!!!!!!!!!!!!!!!!!!!!!!!!!!!!!!!!!!!!!!!!!!!!!!!!!!!!!!!!!!!!!!!!!!!!!!!!!!!!!!!!!!!!!!! Die Fellbacher Drittliga-Volleyballer brauchen weitere Punkte \u2013 die ersten drei davon im Heimspiel am Sonntag. Die Drittliga-Volleyballer des SV Fellbach empfangen am Sonntag (15 Uhr, G\u00e4u\u00e4ckerhalle I) den TV Feldkirchen zu ihrem drittletzten Spiel in der Abstiegsrunde. F\u00fcr die Hausherren kann nur ein klarer Sieg die Zielvorgabe sein. Treffen sie doch auf [&hellip;]<\/p>\n","protected":false},"author":6,"featured_media":0,"comment_status":"closed","ping_status":"open","sticky":false,"template":"","format":"standard","meta":{"inline_featured_image":false,"footnotes":""},"categories":[1],"tags":[],"class_list":["post-6497","post","type-post","status-publish","format-standard","hentry","category-allgemein"],"yoast_head":"<!-- This site is optimized with the Yoast SEO plugin v26.1.1 - https:\/\/yoast.com\/wordpress\/plugins\/seo\/ -->\n<title>Noch immer mit Abstiegssorgen - Spiel wurde abgesagt! - SVF Volleyball<\/title>\n<meta name=\"robots\" content=\"index, follow, max-snippet:-1, max-image-preview:large, max-video-preview:-1\" \/>\n<link rel=\"canonical\" href=\"https:\/\/svfvolleyball.de\/index.php\/2022\/03\/04\/noch-immer-mit-abstiegssorgen\/\" \/>\n<meta name=\"twitter:label1\" content=\"Verfasst von\" \/>\n\t<meta name=\"twitter:data1\" content=\"Werner Hofmann\" \/>\n\t<meta name=\"twitter:label2\" content=\"Gesch\u00e4tzte Lesezeit\" \/>\n\t<meta name=\"twitter:data2\" content=\"2\u00a0Minuten\" \/>\n<script type=\"application\/ld+json\" class=\"yoast-schema-graph\">{\"@context\":\"https:\/\/schema.org\",\"@graph\":[{\"@type\":\"Article\",\"@id\":\"https:\/\/svfvolleyball.de\/index.php\/2022\/03\/04\/noch-immer-mit-abstiegssorgen\/#article\",\"isPartOf\":{\"@id\":\"https:\/\/svfvolleyball.de\/index.php\/2022\/03\/04\/noch-immer-mit-abstiegssorgen\/\"},\"author\":{\"name\":\"Werner Hofmann\",\"@id\":\"https:\/\/svfvolleyball.de\/#\/schema\/person\/f29518a892b1579fe0c32e7f0e5f1394\"},\"headline\":\"Noch immer mit Abstiegssorgen &#8211; Spiel wurde abgesagt!\",\"datePublished\":\"2022-03-04T08:39:37+00:00\",\"dateModified\":\"2022-03-05T21:11:30+00:00\",\"mainEntityOfPage\":{\"@id\":\"https:\/\/svfvolleyball.de\/index.php\/2022\/03\/04\/noch-immer-mit-abstiegssorgen\/\"},\"wordCount\":240,\"publisher\":{\"@id\":\"https:\/\/svfvolleyball.de\/#organization\"},\"inLanguage\":\"de\"},{\"@type\":\"WebPage\",\"@id\":\"https:\/\/svfvolleyball.de\/index.php\/2022\/03\/04\/noch-immer-mit-abstiegssorgen\/\",\"url\":\"https:\/\/svfvolleyball.de\/index.php\/2022\/03\/04\/noch-immer-mit-abstiegssorgen\/\",\"name\":\"Noch immer mit Abstiegssorgen - Spiel wurde abgesagt! - SVF Volleyball\",\"isPartOf\":{\"@id\":\"https:\/\/svfvolleyball.de\/#website\"},\"datePublished\":\"2022-03-04T08:39:37+00:00\",\"dateModified\":\"2022-03-05T21:11:30+00:00\",\"breadcrumb\":{\"@id\":\"https:\/\/svfvolleyball.de\/index.php\/2022\/03\/04\/noch-immer-mit-abstiegssorgen\/#breadcrumb\"},\"inLanguage\":\"de\",\"potentialAction\":[{\"@type\":\"ReadAction\",\"target\":[\"https:\/\/svfvolleyball.de\/index.php\/2022\/03\/04\/noch-immer-mit-abstiegssorgen\/\"]}]},{\"@type\":\"BreadcrumbList\",\"@id\":\"https:\/\/svfvolleyball.de\/index.php\/2022\/03\/04\/noch-immer-mit-abstiegssorgen\/#breadcrumb\",\"itemListElement\":[{\"@type\":\"ListItem\",\"position\":1,\"name\":\"Startseite\",\"item\":\"https:\/\/svfvolleyball.de\/\"},{\"@type\":\"ListItem\",\"position\":2,\"name\":\"Noch immer mit Abstiegssorgen &#8211; Spiel wurde abgesagt!\"}]},{\"@type\":\"WebSite\",\"@id\":\"https:\/\/svfvolleyball.de\/#website\",\"url\":\"https:\/\/svfvolleyball.de\/\",\"name\":\"SVF Volleyball\",\"description\":\"Volleyball Regionalliga in Fellbach!\",\"publisher\":{\"@id\":\"https:\/\/svfvolleyball.de\/#organization\"},\"potentialAction\":[{\"@type\":\"SearchAction\",\"target\":{\"@type\":\"EntryPoint\",\"urlTemplate\":\"https:\/\/svfvolleyball.de\/?s={search_term_string}\"},\"query-input\":{\"@type\":\"PropertyValueSpecification\",\"valueRequired\":true,\"valueName\":\"search_term_string\"}}],\"inLanguage\":\"de\"},{\"@type\":\"Organization\",\"@id\":\"https:\/\/svfvolleyball.de\/#organization\",\"name\":\"SV Fellbach Volleyball\",\"url\":\"https:\/\/svfvolleyball.de\/\",\"logo\":{\"@type\":\"ImageObject\",\"inLanguage\":\"de\",\"@id\":\"https:\/\/svfvolleyball.de\/#\/schema\/logo\/image\/\",\"url\":\"https:\/\/svfvolleyball.de\/wp-content\/uploads\/2021\/07\/SVFV_RotesRudel.jpg\",\"contentUrl\":\"https:\/\/svfvolleyball.de\/wp-content\/uploads\/2021\/07\/SVFV_RotesRudel.jpg\",\"width\":1200,\"height\":1564,\"caption\":\"SV Fellbach Volleyball\"},\"image\":{\"@id\":\"https:\/\/svfvolleyball.de\/#\/schema\/logo\/image\/\"}},{\"@type\":\"Person\",\"@id\":\"https:\/\/svfvolleyball.de\/#\/schema\/person\/f29518a892b1579fe0c32e7f0e5f1394\",\"name\":\"Werner Hofmann\",\"image\":{\"@type\":\"ImageObject\",\"inLanguage\":\"de\",\"@id\":\"https:\/\/svfvolleyball.de\/#\/schema\/person\/image\/\",\"url\":\"https:\/\/secure.gravatar.com\/avatar\/fa7d6c333324c59e0b9fe983c02164b2?s=96&d=mm&r=g\",\"contentUrl\":\"https:\/\/secure.gravatar.com\/avatar\/fa7d6c333324c59e0b9fe983c02164b2?s=96&d=mm&r=g\",\"caption\":\"Werner Hofmann\"},\"url\":\"https:\/\/svfvolleyball.de\/index.php\/author\/svfhofmann\/\"}]}<\/script>\n<!-- \/ Yoast SEO plugin. -->","yoast_head_json":{"title":"Noch immer mit Abstiegssorgen - Spiel wurde abgesagt! - SVF Volleyball","robots":{"index":"index","follow":"follow","max-snippet":"max-snippet:-1","max-image-preview":"max-image-preview:large","max-video-preview":"max-video-preview:-1"},"canonical":"https:\/\/svfvolleyball.de\/index.php\/2022\/03\/04\/noch-immer-mit-abstiegssorgen\/","twitter_misc":{"Verfasst von":"Werner Hofmann","Gesch\u00e4tzte Lesezeit":"2\u00a0Minuten"},"schema":{"@context":"https:\/\/schema.org","@graph":[{"@type":"Article","@id":"https:\/\/svfvolleyball.de\/index.php\/2022\/03\/04\/noch-immer-mit-abstiegssorgen\/#article","isPartOf":{"@id":"https:\/\/svfvolleyball.de\/index.php\/2022\/03\/04\/noch-immer-mit-abstiegssorgen\/"},"author":{"name":"Werner Hofmann","@id":"https:\/\/svfvolleyball.de\/#\/schema\/person\/f29518a892b1579fe0c32e7f0e5f1394"},"headline":"Noch immer mit Abstiegssorgen &#8211; Spiel wurde abgesagt!","datePublished":"2022-03-04T08:39:37+00:00","dateModified":"2022-03-05T21:11:30+00:00","mainEntityOfPage":{"@id":"https:\/\/svfvolleyball.de\/index.php\/2022\/03\/04\/noch-immer-mit-abstiegssorgen\/"},"wordCount":240,"publisher":{"@id":"https:\/\/svfvolleyball.de\/#organization"},"inLanguage":"de"},{"@type":"WebPage","@id":"https:\/\/svfvolleyball.de\/index.php\/2022\/03\/04\/noch-immer-mit-abstiegssorgen\/","url":"https:\/\/svfvolleyball.de\/index.php\/2022\/03\/04\/noch-immer-mit-abstiegssorgen\/","name":"Noch immer mit Abstiegssorgen - Spiel wurde abgesagt! - SVF Volleyball","isPartOf":{"@id":"https:\/\/svfvolleyball.de\/#website"},"datePublished":"2022-03-04T08:39:37+00:00","dateModified":"2022-03-05T21:11:30+00:00","breadcrumb":{"@id":"https:\/\/svfvolleyball.de\/index.php\/2022\/03\/04\/noch-immer-mit-abstiegssorgen\/#breadcrumb"},"inLanguage":"de","potentialAction":[{"@type":"ReadAction","target":["https:\/\/svfvolleyball.de\/index.php\/2022\/03\/04\/noch-immer-mit-abstiegssorgen\/"]}]},{"@type":"BreadcrumbList","@id":"https:\/\/svfvolleyball.de\/index.php\/2022\/03\/04\/noch-immer-mit-abstiegssorgen\/#breadcrumb","itemListElement":[{"@type":"ListItem","position":1,"name":"Startseite","item":"https:\/\/svfvolleyball.de\/"},{"@type":"ListItem","position":2,"name":"Noch immer mit Abstiegssorgen &#8211; Spiel wurde abgesagt!"}]},{"@type":"WebSite","@id":"https:\/\/svfvolleyball.de\/#website","url":"https:\/\/svfvolleyball.de\/","name":"SVF Volleyball","description":"Volleyball Regionalliga in Fellbach!","publisher":{"@id":"https:\/\/svfvolleyball.de\/#organization"},"potentialAction":[{"@type":"SearchAction","target":{"@type":"EntryPoint","urlTemplate":"https:\/\/svfvolleyball.de\/?s={search_term_string}"},"query-input":{"@type":"PropertyValueSpecification","valueRequired":true,"valueName":"search_term_string"}}],"inLanguage":"de"},{"@type":"Organization","@id":"https:\/\/svfvolleyball.de\/#organization","name":"SV Fellbach Volleyball","url":"https:\/\/svfvolleyball.de\/","logo":{"@type":"ImageObject","inLanguage":"de","@id":"https:\/\/svfvolleyball.de\/#\/schema\/logo\/image\/","url":"https:\/\/svfvolleyball.de\/wp-content\/uploads\/2021\/07\/SVFV_RotesRudel.jpg","contentUrl":"https:\/\/svfvolleyball.de\/wp-content\/uploads\/2021\/07\/SVFV_RotesRudel.jpg","width":1200,"height":1564,"caption":"SV Fellbach Volleyball"},"image":{"@id":"https:\/\/svfvolleyball.de\/#\/schema\/logo\/image\/"}},{"@type":"Person","@id":"https:\/\/svfvolleyball.de\/#\/schema\/person\/f29518a892b1579fe0c32e7f0e5f1394","name":"Werner Hofmann","image":{"@type":"ImageObject","inLanguage":"de","@id":"https:\/\/svfvolleyball.de\/#\/schema\/person\/image\/","url":"https:\/\/secure.gravatar.com\/avatar\/fa7d6c333324c59e0b9fe983c02164b2?s=96&d=mm&r=g","contentUrl":"https:\/\/secure.gravatar.com\/avatar\/fa7d6c333324c59e0b9fe983c02164b2?s=96&d=mm&r=g","caption":"Werner Hofmann"},"url":"https:\/\/svfvolleyball.de\/index.php\/author\/svfhofmann\/"}]}},"_links":{"self":[{"href":"https:\/\/svfvolleyball.de\/index.php\/wp-json\/wp\/v2\/posts\/6497","targetHints":{"allow":["GET"]}}],"collection":[{"href":"https:\/\/svfvolleyball.de\/index.php\/wp-json\/wp\/v2\/posts"}],"about":[{"href":"https:\/\/svfvolleyball.de\/index.php\/wp-json\/wp\/v2\/types\/post"}],"author":[{"embeddable":true,"href":"https:\/\/svfvolleyball.de\/index.php\/wp-json\/wp\/v2\/users\/6"}],"replies":[{"embeddable":true,"href":"https:\/\/svfvolleyball.de\/index.php\/wp-json\/wp\/v2\/comments?post=6497"}],"version-history":[{"count":4,"href":"https:\/\/svfvolleyball.de\/index.php\/wp-json\/wp\/v2\/posts\/6497\/revisions"}],"predecessor-version":[{"id":6503,"href":"https:\/\/svfvolleyball.de\/index.php\/wp-json\/wp\/v2\/posts\/6497\/revisions\/6503"}],"wp:attachment":[{"href":"https:\/\/svfvolleyball.de\/index.php\/wp-json\/wp\/v2\/media?parent=6497"}],"wp:term":[{"taxonomy":"category","embeddable":true,"href":"https:\/\/svfvolleyball.de\/index.php\/wp-json\/wp\/v2\/categories?post=6497"},{"taxonomy":"post_tag","embeddable":true,"href":"https:\/\/svfvolleyball.de\/index.php\/wp-json\/wp\/v2\/tags?post=6497"}],"curies":[{"name":"wp","href":"https:\/\/api.w.org\/{rel}","templated":true}]}}